{"id":91394,"date":"2020-07-06T12:02:00","date_gmt":"2020-07-06T16:02:00","guid":{"rendered":"https:\/\/linitiative.ca\/International\/lutte-antiterroriste-destruction-dune-bombe-artisanale-a-tizi-ouzou\/"},"modified":"2020-07-06T12:02:00","modified_gmt":"2020-07-06T16:02:00","slug":"lutte-antiterroriste-destruction-dune-bombe-artisanale-a-tizi-ouzou","status":"publish","type":"post","link":"https:\/\/linitiative.ca\/International\/lutte-antiterroriste-destruction-dune-bombe-artisanale-a-tizi-ouzou\/","title":{"rendered":"LUTTE ANTITERRORISTE : Destruction d&rsquo;une bombe artisanale \u00e0 Tizi-Ouzou"},"content":{"rendered":"<p><br id=\"sep_para_1\" class=\"sep_para access\"\/><\/p>\n<div id=\"para_1\" class=\"para_37759372 resize\">\n<div class=\"texte access firstletter\">Une bombe de confection artisanale a \u00e9t\u00e9 d\u00e9couverte et d\u00e9truite dimanche, lors d&rsquo;une op\u00e9ration men\u00e9 par un d\u00e9tachement de l\u2019Arm\u00e9e nationale populaire \u00e0 Tizi-Ouzou, a indiqu\u00e9 lundi le minist\u00e8re de la D\u00e9fense nationale dans un communiqu\u00e9. \u00ab\u00a0Dans le cadre de la lutte antiterroriste et gr\u00e2ce \u00e0 l&rsquo;exploitation de renseignements, un d\u00e9tachement de l&rsquo;Arm\u00e9e nationale populaire a d\u00e9couvert et d\u00e9truit, le 5 juillet 2020, une (1) bombe de confection artisanale \u00e0 Tizi-Ouzou en 1\u00e8re\u00a0 R\u00e9gion militaire\u00a0\u00bb, pr\u00e9cise la m\u00eame source. Dans le cadre de la lutte contre la contrebande et la criminalit\u00e9 organis\u00e9e et dans la dynamique des efforts soutenus visant \u00e0 endiguer la propagation du fl\u00e9au de narcotrafic dans notre pays, des Garde-fronti\u00e8res, en coordination avec des \u00e9l\u00e9ments de la Gendarmerie nationale, \u00ab\u00a0ont saisi une grande quantit\u00e9 de kif trait\u00e9 s&rsquo;\u00e9levant \u00e0 quatre (4) quintaux et 97 kilogrammes, suite \u00e0 une patrouille de fouille et de recherche men\u00e9e pr\u00e8s de Beni Ounif, wilaya de Bechar (3\u00e8me R\u00e9gion militaire)\u00a0\u00bb, tandis que des \u00e9l\u00e9ments de la Gendarmerie nationale \u00ab\u00a0ont appr\u00e9hend\u00e9, \u00e0 Tlemcen (2\u00e8me R\u00e9gion militaire), trois (3) narcotrafiquants en possession de 48 kilogrammes de kif trait\u00e9\u00a0\u00bb, a ajout\u00e9 le communiqu\u00e9.<\/div>\n<\/div>\n<p>Auteur: Ismain<br \/>\n<a href=\"https:\/\/www.reflexiondz.net\/LUTTE-ANTITERRORISTE-Destruction-d-une-bombe-artisanale-a-Tizi-Ouzou_a63825.html\">Cliquez ici pour lire l&rsquo;article depuis sa source.<\/a><\/p>\n","protected":false},"excerpt":{"rendered":"<p>Une bombe de confection artisanale a \u00e9t\u00e9 d\u00e9couverte et d\u00e9truite dimanche, lors d&rsquo;une op\u00e9ration men\u00e9 par un d\u00e9tachement de l\u2019Arm\u00e9e nationale populaire \u00e0 Tizi-Ouzou, a indiqu\u00e9 lundi le minist\u00e8re de la D\u00e9fense nationale dans un communiqu\u00e9. \u00ab\u00a0Dans le cadre de la lutte antiterroriste et gr\u00e2ce \u00e0 l&rsquo;exploitation de renseignements, un d\u00e9tachement de l&rsquo;Arm\u00e9e nationale populaire [&hellip;]<\/p>\n","protected":false},"author":1740,"featured_media":0,"comment_status":"closed","ping_status":"closed","sticky":false,"template":"","format":"standard","meta":{"fifu_image_url":"","fifu_image_alt":"","footnotes":""},"categories":[53,76],"tags":[],"class_list":["post-91394","post","type-post","status-publish","format-standard","hentry","category-algerie","category-regions"],"_links":{"self":[{"href":"https:\/\/linitiative.ca\/International\/wp-json\/wp\/v2\/posts\/91394","targetHints":{"allow":["GET"]}}],"collection":[{"href":"https:\/\/linitiative.ca\/International\/wp-json\/wp\/v2\/posts"}],"about":[{"href":"https:\/\/linitiative.ca\/International\/wp-json\/wp\/v2\/types\/post"}],"author":[{"embeddable":true,"href":"https:\/\/linitiative.ca\/International\/wp-json\/wp\/v2\/users\/1740"}],"replies":[{"embeddable":true,"href":"https:\/\/linitiative.ca\/International\/wp-json\/wp\/v2\/comments?post=91394"}],"version-history":[{"count":0,"href":"https:\/\/linitiative.ca\/International\/wp-json\/wp\/v2\/posts\/91394\/revisions"}],"wp:attachment":[{"href":"https:\/\/linitiative.ca\/International\/wp-json\/wp\/v2\/media?parent=91394"}],"wp:term":[{"taxonomy":"category","embeddable":true,"href":"https:\/\/linitiative.ca\/International\/wp-json\/wp\/v2\/categories?post=91394"},{"taxonomy":"post_tag","embeddable":true,"href":"https:\/\/linitiative.ca\/International\/wp-json\/wp\/v2\/tags?post=91394"}],"curies":[{"name":"wp","href":"https:\/\/api.w.org\/{rel}","templated":true}]}}