{"id":91406,"date":"2020-07-06T10:52:00","date_gmt":"2020-07-06T14:52:00","guid":{"rendered":"https:\/\/linitiative.ca\/International\/le-journaliste-rachid-mabrouk-nous-quitte-un-grand-professionnel\/"},"modified":"2020-07-06T10:52:00","modified_gmt":"2020-07-06T14:52:00","slug":"le-journaliste-rachid-mabrouk-nous-quitte-un-grand-professionnel","status":"publish","type":"post","link":"https:\/\/linitiative.ca\/International\/le-journaliste-rachid-mabrouk-nous-quitte-un-grand-professionnel\/","title":{"rendered":"Le journaliste Rachid Mabrouk  nous quitte : Un grand professionnel"},"content":{"rendered":"<p>Ag\u00e9 de 75 ans, notre confr\u00e8re Rachid Mabrouk nous a quitt\u00e9s derni\u00e8rement, il a fait l\u2019essentiel de sa longue <span class=\"c2\">\u00a0<\/span>carri\u00e8re (une cinquantaine d\u2019ann\u00e9es) \u00e0 RTCI,\u00a0 pr\u00e9cis\u00e9ment, dans le journal parl\u00e9 dont il sera le r\u00e9dacteur en chef. Il avait \u00e9galement collabor\u00e9 <span class=\"c2\">\u00a0<\/span>\u00e0\u00ab\u00a0La Voix de l\u2019Am\u00e9rique\u00a0\u00bb et dans La presse \u00e9crite.<\/p>\n<p>D\u2019une grande urbanit\u00e9, le d\u00e9funt laissera la souvenir d\u2019un grand professionnel.<\/p>\n<p>Auteur:<br \/>\n<a href=\"https:\/\/www.leaders.com.tn\/article\/30229-le-journaliste-rachid-mabrouk-nous-quitte-un-grand-professionnel\">Cliquez ici pour lire l&rsquo;article depuis sa source.<\/a><\/p>\n","protected":false},"excerpt":{"rendered":"<p>Ag\u00e9 de 75 ans, notre confr\u00e8re Rachid Mabrouk nous a quitt\u00e9s derni\u00e8rement, il a fait l\u2019essentiel de sa longue \u00a0carri\u00e8re (une cinquantaine d\u2019ann\u00e9es) \u00e0 RTCI,\u00a0 pr\u00e9cis\u00e9ment, dans le journal parl\u00e9 dont il sera le r\u00e9dacteur en chef. Il avait \u00e9galement collabor\u00e9 \u00a0\u00e0\u00ab\u00a0La Voix de l\u2019Am\u00e9rique\u00a0\u00bb et dans La presse \u00e9crite. D\u2019une grande urbanit\u00e9, le d\u00e9funt [&hellip;]<\/p>\n","protected":false},"author":1772,"featured_media":0,"comment_status":"closed","ping_status":"closed","sticky":false,"template":"","format":"standard","meta":{"fifu_image_url":"","fifu_image_alt":"","footnotes":""},"categories":[73,55],"tags":[],"class_list":["post-91406","post","type-post","status-publish","format-standard","hentry","category-actualite","category-tunisie"],"_links":{"self":[{"href":"https:\/\/linitiative.ca\/International\/wp-json\/wp\/v2\/posts\/91406","targetHints":{"allow":["GET"]}}],"collection":[{"href":"https:\/\/linitiative.ca\/International\/wp-json\/wp\/v2\/posts"}],"about":[{"href":"https:\/\/linitiative.ca\/International\/wp-json\/wp\/v2\/types\/post"}],"author":[{"embeddable":true,"href":"https:\/\/linitiative.ca\/International\/wp-json\/wp\/v2\/users\/1772"}],"replies":[{"embeddable":true,"href":"https:\/\/linitiative.ca\/International\/wp-json\/wp\/v2\/comments?post=91406"}],"version-history":[{"count":0,"href":"https:\/\/linitiative.ca\/International\/wp-json\/wp\/v2\/posts\/91406\/revisions"}],"wp:attachment":[{"href":"https:\/\/linitiative.ca\/International\/wp-json\/wp\/v2\/media?parent=91406"}],"wp:term":[{"taxonomy":"category","embeddable":true,"href":"https:\/\/linitiative.ca\/International\/wp-json\/wp\/v2\/categories?post=91406"},{"taxonomy":"post_tag","embeddable":true,"href":"https:\/\/linitiative.ca\/International\/wp-json\/wp\/v2\/tags?post=91406"}],"curies":[{"name":"wp","href":"https:\/\/api.w.org\/{rel}","templated":true}]}}