{"id":91407,"date":"2020-07-06T11:12:00","date_gmt":"2020-07-06T15:12:00","guid":{"rendered":"https:\/\/linitiative.ca\/International\/noureddine-friaa-lauto-entrepreneur-un-nouveau-regime-qui-merite-detre-reetudie\/"},"modified":"2020-07-06T11:12:00","modified_gmt":"2020-07-06T15:12:00","slug":"noureddine-friaa-lauto-entrepreneur-un-nouveau-regime-qui-merite-detre-reetudie","status":"publish","type":"post","link":"https:\/\/linitiative.ca\/International\/noureddine-friaa-lauto-entrepreneur-un-nouveau-regime-qui-merite-detre-reetudie\/","title":{"rendered":"Noureddine Friaa : L\u2019auto entrepreneur : Un nouveau r\u00e9gime qui m\u00e9rite d\u2019\u00eatre r\u00e9\u00e9tudi\u00e9"},"content":{"rendered":"<p><span class=\"c2\"><em><strong>Par Noureddine Friaa &#8211;<\/strong><\/em><\/span> Le d\u00e9cret-loi N\u00b02020-33 du 10 juin 2020a introduit un nouveau r\u00e9gime appel\u00e9\u00ab r\u00e9gime de l\u2019autoentrepreneur \u00bb qui s\u2019applique \u00e0 toute personne physique de nationalit\u00e9 Tunisienne exer\u00e7ant \u00e0 titre individuel\u00a0 une activit\u00e9 dans les secteurs de l\u2019industrie, de l\u2019agriculture, du commerce, des services, de l\u2019artisanat ou des petits m\u00e9tiers et dont le chiffre d\u2019affaire annuel ne d\u00e9passe pas 75000 TND et pr\u00e9cise que\u00a0 les personnes qui d\u00e9posent la d\u00e9claration d\u2019existence pr\u00e9vue par l\u2019article 56 du code de l\u2019IRPP et de l\u2019IS \u00e0 partir de la date de publication du d\u00e9cret-loi sont exclues du b\u00e9n\u00e9fice du r\u00e9gime de l\u2019autoentrepreneur.<\/p>\n<p><a href=\"\/uploads\/FCK_files\/BDO%20Tunisie%20-%20Le%20r%C3%A9gime%20de%20l'autoentrepreneur%2006%2007%202020.pdf\" target=\"_blank\" rel=\"noopener noreferrer\"><span class=\"c2\"><strong>(T\u00e9l\u00e9chargez la publication de BDO Tunisie sur le r\u00e9gime de l\u2019autoentrepreneur)<\/strong><\/span><\/a><\/p>\n<p>Toutefois l\u2019article 2 de ce d\u00e9cret-loi a limit\u00e9 le b\u00e9n\u00e9fice de ce r\u00e9gime aux personnes qui ont d\u00e9j\u00e0 d\u00e9pos\u00e9 une d\u00e9claration d\u2019existence telle que pr\u00e9vue par l\u2019article 56 du code de l\u2019IRPP et de l\u2019IS avant la publication du d\u00e9cret-loi : <span class=\"c2\"><strong>Un nouveau r\u00e9gime qui s\u2019applique aux anciens!<\/strong><\/span><br \/>Ce nouveau r\u00e9gime permet \u00e0 l\u2019autoentrepreneur de b\u00e9n\u00e9ficier d\u2019un traitement fiscal et de s\u00e9curit\u00e9 sociale sp\u00e9cifiques qui consistent \u00e0 payer une contribution unique, lib\u00e9ratoire de l\u2019imp\u00f4t sur le revenu, de la TVA et de la contribution au profit de la caisse nationale de s\u00e9curit\u00e9 sociale (CNSS).<\/p>\n<p>Le montant de la contribution unique est fix\u00e9 \u00e0:<\/p>\n<p class=\"c3\"><span class=\"c2\">\u2022<\/span> 0,5 \u2105 du chiffre d\u2019affaires annuel au titre de l\u2019imp\u00f4t sur le revenu ; et<\/p>\n<p class=\"c3\"><span class=\"c2\">\u2022<\/span> 7,5 \u2105 au titre de la contribution au profit de la CNSS, calcul\u00e9s sur la base des deux tiers du SMAG ou du SMIG selon le secteur d\u2019activit\u00e9.<br \/>En l\u2019absence d\u2019un expos\u00e9 des motifs de ce d\u00e9cret-loi, il est vraiment difficile de comprendre et m\u00eame de d\u00e9crypter l\u2019intention vis\u00e9e par l\u2019instauration de ce nouveau r\u00e9gime qui ne couvre que les personnes qui sont d\u00e9j\u00e0 en exercice avant le 10 juin 2020.<\/p>\n<p>Il est \u00e0 rappeler qu\u2019il y a moins de deux ans, l\u2019article 42 de la loi des finances pour l\u2019ann\u00e9e 2019 a introduit un r\u00e9gime fiscal et social simplifi\u00e9 visant \u00e0 encourager les personnes, qui exercent une activit\u00e9 \u00e0 but lucratif sans le d\u00e9p\u00f4t d\u2019une d\u00e9claration d\u2019existence, pour adh\u00e9rer au syst\u00e8me fiscal et social.\u00a0<\/p>\n<p>Ce r\u00e9gime ouvert aux personnes qui exer\u00e7aient dans la clandestinit\u00e9 fiscale et socialepourrait avoir un effet positif sur la lutte contre le commerce parall\u00e8le et le secteur informel et surtout l\u2019\u00e9largissement de l\u2019assiette imposablecontrairement au r\u00e9gime l\u2019autoentrepreneur dont l\u2019acc\u00e8s a \u00e9t\u00e9 malheureusement limit\u00e9 aux personnes physiques soumises au r\u00e9gime forfaitaire \u00e0 la date de publication du d\u00e9cret-loi N\u00b02020-33 du 10 juin 2020.<\/p>\n<p>Le r\u00e9gime de l\u2019autoentrepreneur actuellement limit\u00e9 \u00e0 ceux qui sont en exercice avant le 10 juin 2020 va compliquer davantage le r\u00e9gime d\u2019imposition des personnes physiques soumises au r\u00e9gime forfaitaire et va m\u00eame le fragmenter sans augmenter le rendement fiscal de ce r\u00e9gime fortement contest\u00e9.\u00a0 On peut m\u00eame s\u2019attendre \u00e0 une diminution de la contribution des personnes physiques dont le chiffre d\u2019affaires varie entre 10000 TND et 75000 TND qui verront leur imp\u00f4t sur le revenu passer de 3 \u2105 du chiffre d\u2019affaires annuel \u00e0 seulement 0,5 \u2105 du chiffre d\u2019affaires annuel, ce qui nous parait contraire aux objectifs d\u2019efficacit\u00e9 et d\u2019\u00e9quit\u00e9 fiscale.<\/p>\n<p>Une autre aberration de ce nouveau r\u00e9gime a \u00e9t\u00e9 apport\u00e9e par l\u2019article 2 du d\u00e9cret-loi et qui consiste en l\u2019exigence d\u2019une d\u00e9claration d\u2019existence des personnes physiques de nationalit\u00e9 Tunisienne exer\u00e7ant \u00e0 titre individuel une activit\u00e9 dans le secteur de l\u2019agriculture. Or, les agriculteurs personnes physiques n\u2019ont jamais \u00e9t\u00e9 soumis au d\u00e9p\u00f4t de la d\u00e9claration d\u2019existence et la seule tentative de les soumettre \u00e0 cette obligation par l\u2019article 66 de la loi des finances 2014 dont l\u2019application a \u00e9t\u00e9 suspendue par d\u00e9cision du chef de gouvernement est rest\u00e9e depuis, une lettre morte. <span class=\"c2\"><strong>Un agriculteur ne pourra jamais \u00eatre un autoentrepreneur !<\/strong><\/span><\/p>\n<p>Le r\u00e9gime de l\u2019autoentrepreneur tel qu\u2019apport\u00e9 par le d\u00e9cret-loi N\u00b02020-33 du 10 juin 2020 a l\u2019air d\u2019un all\u00e8gement de la charge fiscale des forfaitaires en activit\u00e9, plut\u00f4t qu\u2019un nouveau r\u00e9gime incitatif visant \u00e0 att\u00e9nuer les r\u00e9percussions de la Covid-19 sur la conjoncture \u00e9conomique et sociale en Tunisie.<\/p>\n<p class=\"c5\"><strong>Noureddine Friaa<\/strong><br \/><span class=\"c4\"><em>BDO Tunisie<br \/>TAX Partner<\/em><\/span><\/p>\n<p>Auteur:<br \/>\n<a href=\"https:\/\/www.leaders.com.tn\/article\/30230-noureddine-friaa-l-auto-entrepreneur-un-nouveau-regime-qui-merite-d-etre-reetudie\">Cliquez ici pour lire l&rsquo;article depuis sa source.<\/a><\/p>\n","protected":false},"excerpt":{"rendered":"<p>Par Noureddine Friaa &#8211; Le d\u00e9cret-loi N\u00b02020-33 du 10 juin 2020a introduit un nouveau r\u00e9gime appel\u00e9\u00ab r\u00e9gime de l\u2019autoentrepreneur \u00bb qui s\u2019applique \u00e0 toute personne physique de nationalit\u00e9 Tunisienne exer\u00e7ant \u00e0 titre individuel\u00a0 une activit\u00e9 dans les secteurs de l\u2019industrie, de l\u2019agriculture, du commerce, des services, de l\u2019artisanat ou des petits m\u00e9tiers et dont le [&hellip;]<\/p>\n","protected":false},"author":1772,"featured_media":0,"comment_status":"closed","ping_status":"closed","sticky":false,"template":"","format":"standard","meta":{"fifu_image_url":"","fifu_image_alt":"","footnotes":""},"categories":[73,55],"tags":[],"class_list":["post-91407","post","type-post","status-publish","format-standard","hentry","category-actualite","category-tunisie"],"_links":{"self":[{"href":"https:\/\/linitiative.ca\/International\/wp-json\/wp\/v2\/posts\/91407","targetHints":{"allow":["GET"]}}],"collection":[{"href":"https:\/\/linitiative.ca\/International\/wp-json\/wp\/v2\/posts"}],"about":[{"href":"https:\/\/linitiative.ca\/International\/wp-json\/wp\/v2\/types\/post"}],"author":[{"embeddable":true,"href":"https:\/\/linitiative.ca\/International\/wp-json\/wp\/v2\/users\/1772"}],"replies":[{"embeddable":true,"href":"https:\/\/linitiative.ca\/International\/wp-json\/wp\/v2\/comments?post=91407"}],"version-history":[{"count":0,"href":"https:\/\/linitiative.ca\/International\/wp-json\/wp\/v2\/posts\/91407\/revisions"}],"wp:attachment":[{"href":"https:\/\/linitiative.ca\/International\/wp-json\/wp\/v2\/media?parent=91407"}],"wp:term":[{"taxonomy":"category","embeddable":true,"href":"https:\/\/linitiative.ca\/International\/wp-json\/wp\/v2\/categories?post=91407"},{"taxonomy":"post_tag","embeddable":true,"href":"https:\/\/linitiative.ca\/International\/wp-json\/wp\/v2\/tags?post=91407"}],"curies":[{"name":"wp","href":"https:\/\/api.w.org\/{rel}","templated":true}]}}