{"id":91413,"date":"2020-07-06T12:50:12","date_gmt":"2020-07-06T16:50:12","guid":{"rendered":"https:\/\/linitiative.ca\/International\/respectez-les-institutions\/"},"modified":"2020-07-06T12:50:12","modified_gmt":"2020-07-06T16:50:12","slug":"respectez-les-institutions","status":"publish","type":"post","link":"https:\/\/linitiative.ca\/International\/respectez-les-institutions\/","title":{"rendered":"Respectez les institutions"},"content":{"rendered":"<p><strong>Il est choquant que le Chef du gouvernement demande \u00e0 ses ministres de surseoir aux recrutements, en dehors de la sant\u00e9, de l\u2019\u00e9ducation et de la s\u00fbret\u00e9 et ce, pour les 3 ann\u00e9es \u00e0 venir.<\/strong><\/p>\n<div class=\"c10\"\/>\n<p>C\u2019est choquant parce que sur le plan constitutionnel, l\u2019action du gouvernement est toujours encadr\u00e9e par la loi de Finances. Tant que le projet de loi rectificative n\u2019a pas \u00e9t\u00e9 adopt\u00e9 par le Parlement, cela sera le cas. C\u2019est un manque de respect pour le Parlement, officiellement consid\u00e9r\u00e9 comme une simple chambre d\u2019enregistrement, puisque on applique les dispositions d\u2019un projet de loi qui lui sera soumis bien apr\u00e8s. C\u2019est politiquement explosif. Comment voulez-vous que les Marocains fassent confiance aux institutions repr\u00e9sentatives si l\u2019Ex\u00e9cutif les m\u00e9prise\u00a0? Pourquoi est-ce que j\u2019irais voter pour un parlementaire, si je suis convaincu qu\u2019il ne servira \u00e0 rien\u00a0?<\/p>\n<p><strong>Lire aussi |<\/strong> <a rel=\"noreferrer noopener\" href=\"https:\/\/www.challenge.ma\/austerite-budgetaire-durable-en-vue-147106\/\" target=\"_blank\"><strong>Aust\u00e9rit\u00e9 budg\u00e9taire durable en vue<\/strong><\/a><\/p>\n<p>De la m\u00eame mani\u00e8re, l\u2019histoire des deux ministres PJD qui ne payent pas la CNSS, jug\u00e9e par leur parti est une horreur. Dire qu\u2019ils ont viol\u00e9 la loi, mais que cela n\u2019est pas grave puisqu\u2019ils ont rectifi\u00e9 le tir est une absurdit\u00e9 absolue. Est-ce qu\u2019un voleur qui rend son butin doit \u00eatre pardonn\u00e9\u00a0? Aux yeux de la loi, non\u00a0! Mais le Parlement ne s\u2019est pas saisi de la question, o\u00f9 il s\u2019agit tout simplement de l\u2019exemplarit\u00e9 demand\u00e9e, exig\u00e9e, des hommes politiques. Le ministre du Travail n\u2019a plus aucune l\u00e9gitimit\u00e9 pour pr\u00e9sider le Conseil d\u2019administration de la CNSS. C\u2019est aussi simple que cela, les agents de la caisse n\u2019accepteront aucune remarque d\u2019un fraudeur.<\/p>\n<p><strong>Lire aussi |<\/strong> <a rel=\"noreferrer noopener\" aria-label=\" (opens in a new tab)\" href=\"https:\/\/www.challenge.ma\/le-deficit-budgetaire-continue-a-se-creuser-130165\/\" target=\"_blank\"><strong>Le d\u00e9ficit budg\u00e9taire continue de se creuser<\/strong><\/a><\/p>\n<p>A force de multiplier les erreurs, on fragilise la nation, ce qui nous attend c\u2019est une montagne de probl\u00e8mes. Pour les affronter, nous avons besoin d\u2019une vraie relation de confiance entre les citoyens et les institutions. Or, elle est sap\u00e9e quotidiennement. Cela nous fragilise encore plus.<\/p>\n<div class=\"vw-sticky-sidebar-wrapper vw-sticky-sidebar widget_text awac-wrapper widget_text awac widget custom_html-4 textwidget custom-html-widget\">\n<p class=\"has-background c12\"><span class=\"widget-title c11\">Tribune et D\u00e9bats<\/span><\/p>\n<p>La tribune qui vous parle d\u2019une actu, d\u2019un sujet qui fait d\u00e9bat, les traitent et les analysent. \u00c9conomistes et autres experts, patrons d\u2019entreprises, d\u00e9cideurs, acteurs de la soci\u00e9t\u00e9 civile, s\u2019y prononcent et contribuent \u00e0 sa grande richesse. Vous avez votre opinion, convergente ou diff\u00e9rente. Exprimez-la et mesurez-vous ainsi \u00e0 nos tribuns et d\u00e9batteurs.<\/p>\n<p>Envoyez vos analyses \u00e0 : <a href=\"\/cdn-cgi\/l\/email-protection#22414d4c5643415662414a434e4e474c45470c4f43\"><span class=\"__cf_email__\" data-cfemail=\"d3b0bcbda7b2b0a793b0bbb2bfbfb6bdb4b6fdbeb2\">[email\u00a0protected]<\/span><\/a>, en pr\u00e9cisant votre nom, votre pr\u00e9nom et votre m\u00e9tier.<\/p>\n<\/div>\n<p>Auteur: Jamal Berraoui<br \/>\n<a href=\"https:\/\/www.challenge.ma\/respectez-les-institutions-147581\/\">Cliquez ici pour lire l&rsquo;article depuis sa source.<\/a><\/p>\n","protected":false},"excerpt":{"rendered":"<p>Il est choquant que le Chef du gouvernement demande \u00e0 ses ministres de surseoir aux recrutements, en dehors de la sant\u00e9, de l\u2019\u00e9ducation et de la s\u00fbret\u00e9 et ce, pour les 3 ann\u00e9es \u00e0 venir. C\u2019est choquant parce que sur le plan constitutionnel, l\u2019action du gouvernement est toujours encadr\u00e9e par la loi de Finances. Tant [&hellip;]<\/p>\n","protected":false},"author":1787,"featured_media":0,"comment_status":"closed","ping_status":"closed","sticky":false,"template":"","format":"standard","meta":{"fifu_image_url":"","fifu_image_alt":"","footnotes":""},"categories":[78,54],"tags":[],"class_list":["post-91413","post","type-post","status-publish","format-standard","hentry","category-economie","category-maroc"],"_links":{"self":[{"href":"https:\/\/linitiative.ca\/International\/wp-json\/wp\/v2\/posts\/91413","targetHints":{"allow":["GET"]}}],"collection":[{"href":"https:\/\/linitiative.ca\/International\/wp-json\/wp\/v2\/posts"}],"about":[{"href":"https:\/\/linitiative.ca\/International\/wp-json\/wp\/v2\/types\/post"}],"author":[{"embeddable":true,"href":"https:\/\/linitiative.ca\/International\/wp-json\/wp\/v2\/users\/1787"}],"replies":[{"embeddable":true,"href":"https:\/\/linitiative.ca\/International\/wp-json\/wp\/v2\/comments?post=91413"}],"version-history":[{"count":0,"href":"https:\/\/linitiative.ca\/International\/wp-json\/wp\/v2\/posts\/91413\/revisions"}],"wp:attachment":[{"href":"https:\/\/linitiative.ca\/International\/wp-json\/wp\/v2\/media?parent=91413"}],"wp:term":[{"taxonomy":"category","embeddable":true,"href":"https:\/\/linitiative.ca\/International\/wp-json\/wp\/v2\/categories?post=91413"},{"taxonomy":"post_tag","embeddable":true,"href":"https:\/\/linitiative.ca\/International\/wp-json\/wp\/v2\/tags?post=91413"}],"curies":[{"name":"wp","href":"https:\/\/api.w.org\/{rel}","templated":true}]}}