{"id":91418,"date":"2020-07-06T10:57:25","date_gmt":"2020-07-06T14:57:25","guid":{"rendered":"https:\/\/linitiative.ca\/International\/tunisie-des-migrants-clandestins-retiennent-une-equipe-de-sante-venue-prendre-des-echantillons-pour-analyse-a-kasserine\/"},"modified":"2020-07-06T10:57:25","modified_gmt":"2020-07-06T14:57:25","slug":"tunisie-des-migrants-clandestins-retiennent-une-equipe-de-sante-venue-prendre-des-echantillons-pour-analyse-a-kasserine","status":"publish","type":"post","link":"https:\/\/linitiative.ca\/International\/tunisie-des-migrants-clandestins-retiennent-une-equipe-de-sante-venue-prendre-des-echantillons-pour-analyse-a-kasserine\/","title":{"rendered":"Tunisie: Des migrants clandestins retiennent une \u00e9quipe de sant\u00e9 venue prendre des \u00e9chantillons pour analyse \u00e0 Kasserine"},"content":{"rendered":"<div class=\"post-cont-in left relative\">\n<p>Le directeur r\u00e9gional de la sant\u00e9 \u00e0 Kasserine, Dr Abdelghani Chaabani a affirm\u00e9 que les migrants clandestins subsahariens qui avaient \u00e9t\u00e9 mis en quarantaine dans un camping \u00e0 Cha\u00e2mbi ont d\u00e9tenu lundi l\u2019\u00e9quipe de sant\u00e9 qui a \u00e9t\u00e9 d\u00e9p\u00each\u00e9e sur place pour recueillir des \u00e9chantillons sur un certain nombre d\u2019entre eux pour analyse.<\/p>\n<div class=\"code-block code-block-1 c3\"><ins class=\"adsbygoogle c2\" data-ad-layout=\"in-article\" data-ad-format=\"fluid\" data-ad-client=\"ca-pub-2102118777505746\" data-ad-slot=\"7301775417\"\/> <\/div>\n<p>Chaabani a ajout\u00e9 que l\u2019affaire a n\u00e9cessit\u00e9 l\u2019intervention des unit\u00e9s de la Garde nationale et l\u2019\u00e9quipe de sant\u00e9 a \u00e9t\u00e9 retir\u00e9e apr\u00e8s n\u00e9gociation avec les \u00e9trangers, d\u00e9clarant dans le m\u00eame contexte que la raison de la d\u00e9tention de l\u2019\u00e9quipe est due \u00e0 leur demande d\u2019effectuer des analyses pour chacun d\u2019entre eux.<\/p>\n<p>Il a ajout\u00e9 que cela n\u2019est pas possible du fait que les \u00e9quipes de sant\u00e9 pr\u00e9l\u00e8vent des \u00e9chantillons selon l\u2019ordre d\u2019entr\u00e9e de chaque personne au centre et elles doivent toutes terminer la p\u00e9riode de quarantaine de 14 jours.<\/p>\n<p>A rappeler que le nombre d\u2019\u00e9trangers soumis \u00e0 la quarantaine au centre Cha\u00e2mbi est de 54 personnes, dont une famille syrienne et le reste d\u2019autres pays d\u2019Afrique subsaharienne.<\/p>\n<div class=\"swp_social_panel swp_horizontal_panel swp_flat_fresh swp_default_full_color swp_individual_full_color swp_other_full_color scale-100 scale-\" data-min-width=\"1100\" data-float-color=\"#ffffff\" data-float=\"bottom\" data-float-mobile=\"bottom\" data-transition=\"slide\">\n<div class=\"nc_tweetContainer swp_share_button total_shares total_sharesalt\"><span class=\"swp_count\">37 <span class=\"swp_label\">Partages<\/span><\/span><\/div>\n<\/div>\n<p><strong>Que se passe-t-il en Tunisie?<\/strong><br \/>Nous expliquons sur notre <a href=\"https:\/\/www.youtube.com\/channel\/UCRzypVq0B_yBad5eGrwBx0Q?sub_confirmation=1\" target=\"_blank\" rel=\"noopener noreferrer\">cha\u00eene YouTube<\/a> . <a href=\"https:\/\/www.youtube.com\/channel\/UCRzypVq0B_yBad5eGrwBx0Q?sub_confirmation=1\" target=\"_blank\" rel=\"noopener noreferrer\">Abonnez-vous!<\/a><\/p>\n<div class=\"mvp-org-wrap mvp-org-logo\" itemprop=\"publisher\" itemscope=\"\" itemtype=\"https:\/\/schema.org\/Organization\"><img decoding=\"async\" src=\"https:\/\/www.tunisienumerique.com\/wp-content\/uploads\/2017\/02\/logo_tunisie_numerique.png\"\/><\/div>\n<div class=\"mvp-related-posts left relative\">\n<h4 class=\"post-header\"><span class=\"post-header\">Lire aussi<\/span><\/h4>\n<\/div>\n<div id=\"article-ad\"><ins class=\"adsbygoogle c4\" data-ad-client=\"ca-pub-2102118777505746\" data-ad-slot=\"6513972734\" data-ad-format=\"auto\" data-full-width-responsive=\"true\"\/> <\/div>\n<\/div>\n<div id=\"post-sidebar-wrap\"><ins class=\"adsbygoogle c4\" data-ad-client=\"ca-pub-2102118777505746\" data-ad-slot=\"6168283410\" data-ad-format=\"auto\" data-full-width-responsive=\"true\"\/> <\/div>\n<p>Auteur: Mourad S<br \/>\n<a href=\"https:\/\/www.tunisienumerique.com\/tunisie-des-migrants-clandestins-retiennent-une-equipe-de-sante-venue-prendre-des-echantillons-pour-analyse-a-kasserine\/\">Cliquez ici pour lire l&rsquo;article depuis sa source.<\/a><\/p>\n","protected":false},"excerpt":{"rendered":"<p>Le directeur r\u00e9gional de la sant\u00e9 \u00e0 Kasserine, Dr Abdelghani Chaabani a affirm\u00e9 que les migrants clandestins subsahariens qui avaient \u00e9t\u00e9 mis en quarantaine dans un camping \u00e0 Cha\u00e2mbi ont d\u00e9tenu lundi l\u2019\u00e9quipe de sant\u00e9 qui a \u00e9t\u00e9 d\u00e9p\u00each\u00e9e sur place pour recueillir des \u00e9chantillons sur un certain nombre d\u2019entre eux pour analyse. Chaabani a [&hellip;]<\/p>\n","protected":false},"author":1789,"featured_media":91419,"comment_status":"closed","ping_status":"closed","sticky":false,"template":"","format":"standard","meta":{"fifu_image_url":"","fifu_image_alt":"","footnotes":""},"categories":[73,55],"tags":[],"class_list":["post-91418","post","type-post","status-publish","format-standard","has-post-thumbnail","hentry","category-actualite","category-tunisie"],"_links":{"self":[{"href":"https:\/\/linitiative.ca\/International\/wp-json\/wp\/v2\/posts\/91418","targetHints":{"allow":["GET"]}}],"collection":[{"href":"https:\/\/linitiative.ca\/International\/wp-json\/wp\/v2\/posts"}],"about":[{"href":"https:\/\/linitiative.ca\/International\/wp-json\/wp\/v2\/types\/post"}],"author":[{"embeddable":true,"href":"https:\/\/linitiative.ca\/International\/wp-json\/wp\/v2\/users\/1789"}],"replies":[{"embeddable":true,"href":"https:\/\/linitiative.ca\/International\/wp-json\/wp\/v2\/comments?post=91418"}],"version-history":[{"count":0,"href":"https:\/\/linitiative.ca\/International\/wp-json\/wp\/v2\/posts\/91418\/revisions"}],"wp:featuredmedia":[{"embeddable":true,"href":"https:\/\/linitiative.ca\/International\/wp-json\/"}],"wp:attachment":[{"href":"https:\/\/linitiative.ca\/International\/wp-json\/wp\/v2\/media?parent=91418"}],"wp:term":[{"taxonomy":"category","embeddable":true,"href":"https:\/\/linitiative.ca\/International\/wp-json\/wp\/v2\/categories?post=91418"},{"taxonomy":"post_tag","embeddable":true,"href":"https:\/\/linitiative.ca\/International\/wp-json\/wp\/v2\/tags?post=91418"}],"curies":[{"name":"wp","href":"https:\/\/api.w.org\/{rel}","templated":true}]}}