{"id":91420,"date":"2020-07-06T11:10:05","date_gmt":"2020-07-06T15:10:05","guid":{"rendered":"https:\/\/linitiative.ca\/International\/tunisie-le-pdg-de-la-tunisair-demis-de-ses-fonctions\/"},"modified":"2020-07-06T11:10:05","modified_gmt":"2020-07-06T15:10:05","slug":"tunisie-le-pdg-de-la-tunisair-demis-de-ses-fonctions","status":"publish","type":"post","link":"https:\/\/linitiative.ca\/International\/tunisie-le-pdg-de-la-tunisair-demis-de-ses-fonctions\/","title":{"rendered":"Tunisie : Le PDG de la Tunisair d\u00e9mis de ses fonctions"},"content":{"rendered":"<div class=\"post-cont-in left relative\">\n<p>Le pr\u00e9sident directeur g\u00e9n\u00e9ral de la <a href=\"https:\/\/www.tunisienumerique.com\/tunisie-actualite\/Tunisair\/\" title=\"Tunisair\" target=\"_top\" class=\"auto-link\" rel=\"noopener noreferrer\">Tunisair<\/a>, Elyes Mnakbi a \u00e9t\u00e9 limog\u00e9 de ses fonctions par le ministre du transport, Anouar M\u00e2arouf.\u00a0 En attendant la nomination d\u2019un nouveau PDG, il a \u00e9t\u00e9 d\u00e9cid\u00e9 de nommer Belgasem Tayaa en tant qu\u2019administrateur-d\u00e9l\u00e9gu\u00e9 de la compagnie.<\/p>\n<div class=\"code-block code-block-1 c3\"><ins class=\"adsbygoogle c2\" data-ad-layout=\"in-article\" data-ad-format=\"fluid\" data-ad-client=\"ca-pub-2102118777505746\" data-ad-slot=\"7301775417\"\/> <\/div>\n<p>Le ministre du transport a, a cet effet,\u00a0 appel\u00e9\u00a0 Mnakbi \u00e0 convoquer le conseil d\u2019administration de la compagnie pour informer ses membres de cette d\u00e9cision.<\/p>\n<p><img loading=\"lazy\" decoding=\"async\" class=\"alignnone wp-image-535214\" src=\"https:\/\/www.tunisienumerique.com\/wp-content\/uploads\/2020\/07\/107354117_3288231751234492_2894415583288276606_n.jpg\" alt=\"\" width=\"493\" height=\"657\" srcset=\"https:\/\/www.tunisienumerique.com\/wp-content\/uploads\/2020\/07\/107354117_3288231751234492_2894415583288276606_n.jpg 720w, https:\/\/www.tunisienumerique.com\/wp-content\/uploads\/2020\/07\/107354117_3288231751234492_2894415583288276606_n-600x800.jpg 600w\" sizes=\"auto, (max-width: 493px) 100vw, 493px\"\/><\/p>\n<div class=\"swp_social_panel swp_horizontal_panel swp_flat_fresh swp_default_full_color swp_individual_full_color swp_other_full_color scale-100 scale-\" data-min-width=\"1100\" data-float-color=\"#ffffff\" data-float=\"bottom\" data-float-mobile=\"bottom\" data-transition=\"slide\">\n<div class=\"nc_tweetContainer swp_share_button total_shares total_sharesalt\"><span class=\"swp_count\">454 <span class=\"swp_label\">Partages<\/span><\/span><\/div>\n<\/div>\n<p><strong>Que se passe-t-il en Tunisie?<\/strong><br \/>Nous expliquons sur notre <a href=\"https:\/\/www.youtube.com\/channel\/UCRzypVq0B_yBad5eGrwBx0Q?sub_confirmation=1\" target=\"_blank\" rel=\"noopener noreferrer\">cha\u00eene YouTube<\/a> . <a href=\"https:\/\/www.youtube.com\/channel\/UCRzypVq0B_yBad5eGrwBx0Q?sub_confirmation=1\" target=\"_blank\" rel=\"noopener noreferrer\">Abonnez-vous!<\/a><\/p>\n<div class=\"mvp-org-wrap mvp-org-logo\" itemprop=\"publisher\" itemscope=\"\" itemtype=\"https:\/\/schema.org\/Organization\"><img decoding=\"async\" src=\"https:\/\/www.tunisienumerique.com\/wp-content\/uploads\/2017\/02\/logo_tunisie_numerique.png\"\/><\/div>\n<div class=\"mvp-related-posts left relative\">\n<h4 class=\"post-header\"><span class=\"post-header\">Lire aussi<\/span><\/h4>\n<\/div>\n<div id=\"article-ad\"><ins class=\"adsbygoogle c4\" data-ad-client=\"ca-pub-2102118777505746\" data-ad-slot=\"6513972734\" data-ad-format=\"auto\" data-full-width-responsive=\"true\"\/> <\/div>\n<\/div>\n<div id=\"post-sidebar-wrap\"><ins class=\"adsbygoogle c4\" data-ad-client=\"ca-pub-2102118777505746\" data-ad-slot=\"6168283410\" data-ad-format=\"auto\" data-full-width-responsive=\"true\"\/> <\/div>\n<p>Auteur: Laameri Dorsaf<br \/>\n<a href=\"https:\/\/www.tunisienumerique.com\/tunisie-le-pdg-de-la-tunisair-demis-de-ses-fonctions\/\">Cliquez ici pour lire l&rsquo;article depuis sa source.<\/a><\/p>\n","protected":false},"excerpt":{"rendered":"<p>Le pr\u00e9sident directeur g\u00e9n\u00e9ral de la Tunisair, Elyes Mnakbi a \u00e9t\u00e9 limog\u00e9 de ses fonctions par le ministre du transport, Anouar M\u00e2arouf.\u00a0 En attendant la nomination d\u2019un nouveau PDG, il a \u00e9t\u00e9 d\u00e9cid\u00e9 de nommer Belgasem Tayaa en tant qu\u2019administrateur-d\u00e9l\u00e9gu\u00e9 de la compagnie. Le ministre du transport a, a cet effet,\u00a0 appel\u00e9\u00a0 Mnakbi \u00e0 convoquer [&hellip;]<\/p>\n","protected":false},"author":1789,"featured_media":91421,"comment_status":"closed","ping_status":"closed","sticky":false,"template":"","format":"standard","meta":{"fifu_image_url":"","fifu_image_alt":"","footnotes":""},"categories":[73,55],"tags":[],"class_list":["post-91420","post","type-post","status-publish","format-standard","has-post-thumbnail","hentry","category-actualite","category-tunisie"],"_links":{"self":[{"href":"https:\/\/linitiative.ca\/International\/wp-json\/wp\/v2\/posts\/91420","targetHints":{"allow":["GET"]}}],"collection":[{"href":"https:\/\/linitiative.ca\/International\/wp-json\/wp\/v2\/posts"}],"about":[{"href":"https:\/\/linitiative.ca\/International\/wp-json\/wp\/v2\/types\/post"}],"author":[{"embeddable":true,"href":"https:\/\/linitiative.ca\/International\/wp-json\/wp\/v2\/users\/1789"}],"replies":[{"embeddable":true,"href":"https:\/\/linitiative.ca\/International\/wp-json\/wp\/v2\/comments?post=91420"}],"version-history":[{"count":0,"href":"https:\/\/linitiative.ca\/International\/wp-json\/wp\/v2\/posts\/91420\/revisions"}],"wp:featuredmedia":[{"embeddable":true,"href":"https:\/\/linitiative.ca\/International\/wp-json\/"}],"wp:attachment":[{"href":"https:\/\/linitiative.ca\/International\/wp-json\/wp\/v2\/media?parent=91420"}],"wp:term":[{"taxonomy":"category","embeddable":true,"href":"https:\/\/linitiative.ca\/International\/wp-json\/wp\/v2\/categories?post=91420"},{"taxonomy":"post_tag","embeddable":true,"href":"https:\/\/linitiative.ca\/International\/wp-json\/wp\/v2\/tags?post=91420"}],"curies":[{"name":"wp","href":"https:\/\/api.w.org\/{rel}","templated":true}]}}