{"id":91426,"date":"2020-07-06T15:55:35","date_gmt":"2020-07-06T19:55:35","guid":{"rendered":"https:\/\/linitiative.ca\/International\/tunisie-la-visite-du-ministre-de-lequipement-a-sfax-et-la-mauvaise-coincidence\/"},"modified":"2020-07-06T15:55:35","modified_gmt":"2020-07-06T19:55:35","slug":"tunisie-la-visite-du-ministre-de-lequipement-a-sfax-et-la-mauvaise-coincidence","status":"publish","type":"post","link":"https:\/\/linitiative.ca\/International\/tunisie-la-visite-du-ministre-de-lequipement-a-sfax-et-la-mauvaise-coincidence\/","title":{"rendered":"Tunisie \u2013 La visite du Ministre de l\u2019\u00e9quipement \u00e0 Sfax et la \u00ab mauvaise \u00bb co\u00efncidence"},"content":{"rendered":"<div class=\"post-cont-in left relative\">\n<p>Vendredi 3 juillet 2020, le ministre de l\u2019\u00c9quipement, de l\u2019Habitat et de l\u2019Am\u00e9nagement du Territoire, Moncef sliti a inspect\u00e9 lors d\u2019une visite \u00e0 <a href=\"https:\/\/www.tunisienumerique.com\/tunisie-actualite\/sfax\/\" title=\"Sfax\" target=\"_top\" class=\"auto-link\" rel=\"noopener noreferrer\">Sfax<\/a>, accompagn\u00e9 du gouverneur de la r\u00e9gion, un certain nombre de travaux notamment ceux de la route de l\u2019entr\u00e9e nord e la ville, d\u2019une longueur de 13,3 km, pour un co\u00fbt estim\u00e9 \u00e0 53 millions de dinars, et un taux d\u2019ex\u00e9cution de 25%, ainsi que les travaux de construction des \u0153uvres techniques sue une autre route.<\/p>\n<div class=\"code-block code-block-1 c3\"><ins class=\"adsbygoogle c2\" data-ad-layout=\"in-article\" data-ad-format=\"fluid\" data-ad-client=\"ca-pub-2102118777505746\" data-ad-slot=\"7301775417\"\/> <\/div>\n<p>Au cours de la m\u00eame visite et dans le cadre du suivi de la mise en \u0153uvre du programme sp\u00e9cial pour le logement social dans diff\u00e9rentes r\u00e9gions, le ministre de l\u2019\u00e9quipement, du logement et du d\u00e9veloppement territorial, a fait le point sur l\u2019avancement des travaux de construction de 155 logements dans le quartier d\u2019Al-ons, \u00e0 la d\u00e9l\u00e9gation Sakiet-ezzit, dont le co\u00fbt a \u00e9t\u00e9 estim\u00e9 \u00e0 10 millions et achev\u00e9 \u00e0 100%.<\/p>\n<p>Par la m\u00eame occasion, Sliti a mis l\u2019accent sur la n\u00e9cessit\u00e9 d\u2019une coordination efficace entre les diff\u00e9rents intervenants pour \u00e9tablir les listes d\u00e9finitives des b\u00e9n\u00e9ficiaires et livrer au plus t\u00f4t ces logements.<\/p>\n<p>Le ministre a suivi l\u2019avancement des travaux de la route nationale N\u00b01 \u00e0 Mahres, pour un co\u00fbt estim\u00e9 \u00e0 23,4 millions de dinars, et dont le taux d\u2019ach\u00e8vement \u00e9tait de 15%.<\/p>\n<p>Par ailleurs, le ministre a annonc\u00e9 que l\u2019appel d\u2019offres avait \u00e9t\u00e9 annonc\u00e9 pour lancer dans l\u2019\u00e9tude strat\u00e9gique du projet Sfax M\u00e9tropole \u201c\u00e0 l\u2019horizon 2050\u201d d\u2019un co\u00fbt de 700 mille dinars.<\/p>\n<p>Quant \u00e0 Taparura, projet phare de la ville, celui de toutes les attentes, capable d\u2019accueillir 50 milles habitants et de cr\u00e9er des opportunit\u00e9s \u00e9conomiques pour le tourisme, les loisirs le commerce et les services, le ministre a d\u00e9clar\u00e9 \u00e0 l\u2019Agence Tunis Afrique Presse (TAP) que ce projet a bien avanc\u00e9 apr\u00e8s l\u2019approbation pr\u00e9liminaire, la semaine derni\u00e8re, par la municipalit\u00e9 de Sfax, du plan d\u2019am\u00e9nagement urbain\u2026<br \/>Toutefois, malgr\u00e9 la profusion de projets d\u2019infrastructure annonc\u00e9e par slilti au profit de la deuxi\u00e8me ville du pays, et comme par malheur, le lendemain de la visite du ministre, l\u2019infrastructure de Sfax a dit son mot sur l\u2019\u00e9tat lamentable des routes de la ville et de ses environs.<\/p>\n<p>En effet, Un affaissement spectaculaire de la chauss\u00e9e au niveau de \u00ab La Poudri\u00e8re \u00bb a \u00e9t\u00e9 remarqu\u00e9 par les automobilistes et les passants.<\/p>\n<p>Un vrai gouffre capable d\u2019engloutir une automobile et qui en dit long sur l\u2019\u00e9cart entre promesses et r\u00e9alit\u00e9 h\u00e9las am\u00e8re pour une ville dynamique comme Sfax et dont le r\u00e9seau routier attend de vrais projets.<\/p>\n<div class=\"swp_social_panel swp_horizontal_panel swp_flat_fresh swp_default_full_color swp_individual_full_color swp_other_full_color scale-100 scale-\" data-min-width=\"1100\" data-float-color=\"#ffffff\" data-float=\"bottom\" data-float-mobile=\"bottom\" data-transition=\"slide\">\n<div class=\"nc_tweetContainer swp_share_button total_shares total_sharesalt\"><span class=\"swp_count\">2 <span class=\"swp_label\">Partages<\/span><\/span><\/div>\n<\/div>\n<p><strong>Que se passe-t-il en Tunisie?<\/strong><br \/>Nous expliquons sur notre <a href=\"https:\/\/www.youtube.com\/channel\/UCRzypVq0B_yBad5eGrwBx0Q?sub_confirmation=1\" target=\"_blank\" rel=\"noopener noreferrer\">cha\u00eene YouTube<\/a> . <a href=\"https:\/\/www.youtube.com\/channel\/UCRzypVq0B_yBad5eGrwBx0Q?sub_confirmation=1\" target=\"_blank\" rel=\"noopener noreferrer\">Abonnez-vous!<\/a><\/p>\n<div class=\"mvp-org-wrap mvp-org-logo\" itemprop=\"publisher\" itemscope=\"\" itemtype=\"https:\/\/schema.org\/Organization\"><img decoding=\"async\" src=\"https:\/\/www.tunisienumerique.com\/wp-content\/uploads\/2017\/02\/logo_tunisie_numerique.png\"\/><\/div>\n<div class=\"post-tags\"><span class=\"post-tags-header\">Sujets Connexes:<\/span><\/div>\n<div id=\"article-ad\"><ins class=\"adsbygoogle c4\" data-ad-client=\"ca-pub-2102118777505746\" data-ad-slot=\"6513972734\" data-ad-format=\"auto\" data-full-width-responsive=\"true\"\/> <\/div>\n<\/div>\n<div id=\"post-sidebar-wrap\"><ins class=\"adsbygoogle c4\" data-ad-client=\"ca-pub-2102118777505746\" data-ad-slot=\"6168283410\" data-ad-format=\"auto\" data-full-width-responsive=\"true\"\/> <\/div>\n<p>Auteur: Mohamed Ben Abderrazek<br \/>\n<a href=\"https:\/\/www.tunisienumerique.com\/tunisie-la-visite-du-ministre-de-lequipement-a-sfax-et-la-mauvaise-coincidence\/\">Cliquez ici pour lire l&rsquo;article depuis sa source.<\/a><\/p>\n","protected":false},"excerpt":{"rendered":"<p>Vendredi 3 juillet 2020, le ministre de l\u2019\u00c9quipement, de l\u2019Habitat et de l\u2019Am\u00e9nagement du Territoire, Moncef sliti a inspect\u00e9 lors d\u2019une visite \u00e0 Sfax, accompagn\u00e9 du gouverneur de la r\u00e9gion, un certain nombre de travaux notamment ceux de la route de l\u2019entr\u00e9e nord e la ville, d\u2019une longueur de 13,3 km, pour un co\u00fbt estim\u00e9 [&hellip;]<\/p>\n","protected":false},"author":1789,"featured_media":91427,"comment_status":"closed","ping_status":"closed","sticky":false,"template":"","format":"standard","meta":{"fifu_image_url":"","fifu_image_alt":"","footnotes":""},"categories":[73,55],"tags":[],"class_list":["post-91426","post","type-post","status-publish","format-standard","has-post-thumbnail","hentry","category-actualite","category-tunisie"],"_links":{"self":[{"href":"https:\/\/linitiative.ca\/International\/wp-json\/wp\/v2\/posts\/91426","targetHints":{"allow":["GET"]}}],"collection":[{"href":"https:\/\/linitiative.ca\/International\/wp-json\/wp\/v2\/posts"}],"about":[{"href":"https:\/\/linitiative.ca\/International\/wp-json\/wp\/v2\/types\/post"}],"author":[{"embeddable":true,"href":"https:\/\/linitiative.ca\/International\/wp-json\/wp\/v2\/users\/1789"}],"replies":[{"embeddable":true,"href":"https:\/\/linitiative.ca\/International\/wp-json\/wp\/v2\/comments?post=91426"}],"version-history":[{"count":0,"href":"https:\/\/linitiative.ca\/International\/wp-json\/wp\/v2\/posts\/91426\/revisions"}],"wp:featuredmedia":[{"embeddable":true,"href":"https:\/\/linitiative.ca\/International\/wp-json\/"}],"wp:attachment":[{"href":"https:\/\/linitiative.ca\/International\/wp-json\/wp\/v2\/media?parent=91426"}],"wp:term":[{"taxonomy":"category","embeddable":true,"href":"https:\/\/linitiative.ca\/International\/wp-json\/wp\/v2\/categories?post=91426"},{"taxonomy":"post_tag","embeddable":true,"href":"https:\/\/linitiative.ca\/International\/wp-json\/wp\/v2\/tags?post=91426"}],"curies":[{"name":"wp","href":"https:\/\/api.w.org\/{rel}","templated":true}]}}