{"id":91428,"date":"2020-07-06T15:58:16","date_gmt":"2020-07-06T19:58:16","guid":{"rendered":"https:\/\/linitiative.ca\/International\/production-de-bananes-des-drones-pour-lutter-contre-les-nuisibles\/"},"modified":"2020-07-06T15:58:16","modified_gmt":"2020-07-06T19:58:16","slug":"production-de-bananes-des-drones-pour-lutter-contre-les-nuisibles","status":"publish","type":"post","link":"https:\/\/linitiative.ca\/International\/production-de-bananes-des-drones-pour-lutter-contre-les-nuisibles\/","title":{"rendered":"Production de bananes  : des drones pour lutter contre les nuisibles"},"content":{"rendered":"<div class=\"td-post-featured-image\"><a href=\"https:\/\/www.sidwaya.info\/wp-content\/uploads\/2020\/07\/1-14.jpg\" data-caption=\"\"><img loading=\"lazy\" decoding=\"async\" width=\"595\" height=\"446\" class=\"entry-thumb td-modal-image\" src=\"https:\/\/www.sidwaya.info\/wp-content\/uploads\/2020\/07\/1-14.jpg\" srcset=\"https:\/\/www.sidwaya.info\/wp-content\/uploads\/2020\/07\/1-14.jpg 595w, https:\/\/www.sidwaya.info\/wp-content\/uploads\/2020\/07\/1-14-300x225.jpg 300w, https:\/\/www.sidwaya.info\/wp-content\/uploads\/2020\/07\/1-14-560x420.jpg 560w, https:\/\/www.sidwaya.info\/wp-content\/uploads\/2020\/07\/1-14-80x60.jpg 80w, https:\/\/www.sidwaya.info\/wp-content\/uploads\/2020\/07\/1-14-265x198.jpg 265w\" sizes=\"auto, (max-width: 595px) 100vw, 595px\" alt=\"\" title=\"1\"\/><\/a><\/div>\n<p><strong>Le ministre de l\u2019Agriculture et des Am\u00e9nagements hydro-agricoles, Salifou Ou\u00e9draogo, a lanc\u00e9, le samedi 4 juillet 2020, \u00e0 Fara, dans la province des Bal\u00e9, la campagne de production de bananes de la Soci\u00e9t\u00e9 coop\u00e9rative agropastorale de Fara (SOCAF).<\/strong><\/p>\n<p>Le village de Fara, dans la province des Bal\u00e9, se positionne comme un p\u00f4le de production de bananes au Burkina Faso. Sur une trentaine d\u2019hectares emblav\u00e9s, la Soci\u00e9t\u00e9 coop\u00e9rative agropastorale de Fara (SOCAF) produit plus de 1050 tonnes de bananes par an, avec un chiffre d\u2019affaires annuel d\u2019environ 300 millions francs CFA. Des r\u00e9sultats qui lui ont valu les encouragements du ministre de l\u2019Agriculture et des Am\u00e9nagements hydro-agricoles, Salifou Ou\u00e9draogo qui a lanc\u00e9, le samedi 4 juillet 2020, officiellement la saison de production de la banane dans la localit\u00e9. Fara, ce sont aussi 490 hectares emblav\u00e9s de bananeraie, exploit\u00e9s individuellement par les membres de la coop\u00e9rative et la SOCAF et dont les rendements en deux cycles de production avoisinent annuellement 2800 tonnes de bananes. Pour Salifou Ou\u00e9draogo, ces \u00ab grands r\u00e9sultats \u00bb confirment la n\u00e9cessit\u00e9 pour les acteurs des fili\u00e8res agricoles \u00e0 mieux s\u2019organiser. \u00ab SOCAF le d\u00e9montre \u00e0 travers les approvisionnements group\u00e9s en intrants agricoles de m\u00eame que les ventes collectives des produits \u00bb, a-t-il expliqu\u00e9. Le pr\u00e9sident de la SOCAF, Marcel Ou\u00e9draogo, a affirm\u00e9 pourtant que sa structure produirait mieux, n\u2019eut \u00e9t\u00e9 les ravageurs et les maladies. \u00ab Les insectes, en 45 jours, peuvent d\u00e9truire toute une production. Aussi, nous n\u2019avons pas de pesticides homologu\u00e9s qui nous permettent de lutter efficacement contre ces ravageurs \u00bb, a d\u00e9plor\u00e9 M. Ou\u00e9draogo.<\/p>\n<p><strong>Un meilleur traitement phytosanitaire<\/strong><\/p>\n<div class=\"td-a-rec td-a-rec-id-content_inline tdi_30_d40 td_block_template_1\"><img loading=\"lazy\" decoding=\"async\" class=\"aligncenter size-full wp-image-21314\" src=\"https:\/\/www.sidwaya.info\/wp-content\/uploads\/2020\/04\/Bandeau-Covid-19-Sidwaya-1.jpg\" alt=\"\" width=\"790\" height=\"98\"\/><\/div>\n<p>L\u2019action des nuisibles et des maladies des plantes induisent des pertes financi\u00e8res aux producteurs, en d\u00e9pr\u00e9ciant la qualit\u00e9 de la banane. Au titre de la saison \u00e9coul\u00e9e, la SOCAF a perdu pr\u00e8s de 200 tonnes \u00e0 cause des ravageurs et de la m\u00e9vente due au contexte national d\u2019ins\u00e9curit\u00e9, a confi\u00e9 son pr\u00e9sident Marcel Ou\u00e9draogo.<br \/>Pour la pr\u00e9sente campagne, le minist\u00e8re de l\u2019Agriculture et des Am\u00e9nagements hydro-agricoles veut minimiser les dommages li\u00e9s aux insectes et aux maladies. Il a convenu d\u2019un partenariat avec la soci\u00e9t\u00e9 Kono Digital, pour le traitement phytosanitaire des bananeraies \u00e0 l\u2019aide des drones agricoles. Avec un r\u00e9servoir pouvant contenir environ 10 litres de produits, les drones pulv\u00e9risent les produits phytosanitaires sur les plants. Selon le directeur g\u00e9n\u00e9ral de Kono Digital, Moussa Yerbanga, cette technologie est \u00e0 m\u00eame de d\u00e9terminer avec exactitude la quantit\u00e9 de pesticides n\u00e9cessaires \u00e0 l\u00e2cher sur une superficie de sp\u00e9culation donn\u00e9e. Aussi, selon lui, la nouvelle trouvaille permettra d\u2019am\u00e9liorer les rendements agricoles, de r\u00e9duire la p\u00e9nibilit\u00e9 du travail des producteurs et de les pr\u00e9munir des risques d\u2019intoxication dus \u00e0 leur exposition aux pesticides lors du traitement phytosanitaire manuel. Pour cette ann\u00e9e, 50 jeunes ont \u00e9t\u00e9 form\u00e9s pour piloter les drones. Ils seront mis \u00e0 contribution pour aider les producteurs, a soutenu l\u2019inventeur.<\/p>\n<p>A terme, ce sont 320 jeunes qui seront outill\u00e9s au pilotage des drones et mis \u00e0 la disposition des producteurs. \u00ab Les drones vont nous faciliter la vie. Le traitement manuel est \u00e9prouvant et a des r\u00e9percussions n\u00e9gatives sur notre sant\u00e9 \u00bb, a reconnu Marcel Ou\u00e9draogo, pr\u00e9sident de la SOCAF. Paul Ou\u00e9draogo exploite par an 17 hectares avec un rendement de 500 tonnes. \u00ab Quand nous utilisons les pesticides, le liquide se reverse sur nous parce que les plantes sont hautes. Apr\u00e8s, nous avons des d\u00e9mangeaisons \u00bb, a-t-il confi\u00e9. Karim Y\u00e9r\u00e9, un producteur de banane a fait le d\u00e9placement de Bobo-Dioulasso pour d\u00e9couvrir la technologie. Il a mis en valeur 7 hectares de bananeraie dans la ville de Sya. Pr\u00e9sent \u00e0 Fara, il a dit esp\u00e9rer que l\u2019innovation apporte de la plus-value dans la culture de la banane, \u00e9prouv\u00e9e par les ravageurs.<\/p>\n<p>\u00ab Techniquement, la technologie est performante et r\u00e9pond \u00e0 nos besoins. Il reste \u00e0 voir l\u2019amortissement surtout pour un producteur moyen burkinab\u00e8\u00bb, a indiqu\u00e9 M. Y\u00e9r\u00e9. A ce sujet, le ministre Salifou Ou\u00e9draogo a exig\u00e9 de la soci\u00e9t\u00e9 promotrice des drones, Kono Digital, de rendre ses prestations accessibles aux agriculteurs. \u00ab Si le prix n\u2019est pas accessible aux producteurs, nous n\u2019allons pas accepter \u00bb, a pr\u00e9venu le chef du d\u00e9partement en charge de l\u2019agriculture. Le directeur g\u00e9n\u00e9ral de Kono Digital, Moussa Yarbanga, a rassur\u00e9 qu\u2019un partenariat a d\u00e9j\u00e0 \u00e9t\u00e9 scell\u00e9 avec la soci\u00e9t\u00e9 de micro-finance Graine SARL, afin qu\u2019elle accorde aux producteurs des cr\u00e9dits pour financer le traitement phytosanitaire des champs et les rembourse en fin de campagne.<\/p>\n<p class=\"c1\"><strong>Djakaridia SIRIBIE<\/strong><br \/><strong>dsiribie15@gmail.com<\/strong><\/p>\n<div class=\"td-a-rec td-a-rec-id-content_bottom tdi_31_a3d td_block_template_1\"><img loading=\"lazy\" decoding=\"async\" class=\"aligncenter size-full wp-image-22415\" src=\"https:\/\/www.sidwaya.info\/wp-content\/uploads\/2020\/05\/Bandeau-paiement-mobile-site.png\" alt=\"\" width=\"728\" height=\"90\"\/><\/div>\n<p>Auteur: DD. Sidwaya<br \/>\n<a href=\"https:\/\/www.sidwaya.info\/blog\/2020\/07\/06\/production-de-bananes-des-drones-pour-lutter-contre-les-nuisibles\/\">Cliquez ici pour lire l&rsquo;article depuis sa source.<\/a><\/p>\n","protected":false},"excerpt":{"rendered":"<p>Le ministre de l\u2019Agriculture et des Am\u00e9nagements hydro-agricoles, Salifou Ou\u00e9draogo, a lanc\u00e9, le samedi 4 juillet 2020, \u00e0 Fara, dans la province des Bal\u00e9, la campagne de production de bananes de la Soci\u00e9t\u00e9 coop\u00e9rative agropastorale de Fara (SOCAF). Le village de Fara, dans la province des Bal\u00e9, se positionne comme un p\u00f4le de production de [&hellip;]<\/p>\n","protected":false},"author":1816,"featured_media":91429,"comment_status":"closed","ping_status":"closed","sticky":false,"template":"","format":"standard","meta":{"fifu_image_url":"","fifu_image_alt":"","footnotes":""},"categories":[73,81],"tags":[],"class_list":["post-91428","post","type-post","status-publish","format-standard","has-post-thumbnail","hentry","category-actualite","category-burkina-faso"],"_links":{"self":[{"href":"https:\/\/linitiative.ca\/International\/wp-json\/wp\/v2\/posts\/91428","targetHints":{"allow":["GET"]}}],"collection":[{"href":"https:\/\/linitiative.ca\/International\/wp-json\/wp\/v2\/posts"}],"about":[{"href":"https:\/\/linitiative.ca\/International\/wp-json\/wp\/v2\/types\/post"}],"author":[{"embeddable":true,"href":"https:\/\/linitiative.ca\/International\/wp-json\/wp\/v2\/users\/1816"}],"replies":[{"embeddable":true,"href":"https:\/\/linitiative.ca\/International\/wp-json\/wp\/v2\/comments?post=91428"}],"version-history":[{"count":0,"href":"https:\/\/linitiative.ca\/International\/wp-json\/wp\/v2\/posts\/91428\/revisions"}],"wp:featuredmedia":[{"embeddable":true,"href":"https:\/\/linitiative.ca\/International\/wp-json\/"}],"wp:attachment":[{"href":"https:\/\/linitiative.ca\/International\/wp-json\/wp\/v2\/media?parent=91428"}],"wp:term":[{"taxonomy":"category","embeddable":true,"href":"https:\/\/linitiative.ca\/International\/wp-json\/wp\/v2\/categories?post=91428"},{"taxonomy":"post_tag","embeddable":true,"href":"https:\/\/linitiative.ca\/International\/wp-json\/wp\/v2\/tags?post=91428"}],"curies":[{"name":"wp","href":"https:\/\/api.w.org\/{rel}","templated":true}]}}