{"id":91430,"date":"2020-07-06T16:01:26","date_gmt":"2020-07-06T20:01:26","guid":{"rendered":"https:\/\/linitiative.ca\/International\/cote-divoire-lequation-gon-coulibaly\/"},"modified":"2020-07-06T16:01:26","modified_gmt":"2020-07-06T20:01:26","slug":"cote-divoire-lequation-gon-coulibaly","status":"publish","type":"post","link":"https:\/\/linitiative.ca\/International\/cote-divoire-lequation-gon-coulibaly\/","title":{"rendered":"C\u00f4te d\u2019Ivoire : l\u2019\u00e9quation Gon Coulibaly"},"content":{"rendered":"<div class=\"td-post-featured-image\"><a href=\"https:\/\/www.sidwaya.info\/wp-content\/uploads\/2020\/07\/Trait-de-plume.jpg\" data-caption=\"\"><img loading=\"lazy\" decoding=\"async\" width=\"696\" height=\"465\" class=\"entry-thumb td-modal-image\" src=\"https:\/\/www.sidwaya.info\/wp-content\/uploads\/2020\/07\/Trait-de-plume-696x465.jpg\" srcset=\"https:\/\/www.sidwaya.info\/wp-content\/uploads\/2020\/07\/Trait-de-plume-696x465.jpg 696w, https:\/\/www.sidwaya.info\/wp-content\/uploads\/2020\/07\/Trait-de-plume-300x200.jpg 300w, https:\/\/www.sidwaya.info\/wp-content\/uploads\/2020\/07\/Trait-de-plume-629x420.jpg 629w, https:\/\/www.sidwaya.info\/wp-content\/uploads\/2020\/07\/Trait-de-plume.jpg 738w\" sizes=\"auto, (max-width: 696px) 100vw, 696px\" alt=\"\" title=\"Trait de plume\"\/><\/a><\/div>\n<p>Apr\u00e8s une hospitalisation prolong\u00e9e en France et des rumeurs de tous genres sur son \u00e9tat de sant\u00e9, le Premier ministre ivoirien et candidat du Rassemblement des Houphou\u00ebtistes pour la d\u00e9mocratie et la paix (RHDP) pour la pr\u00e9sidentielle d\u2019octobre prochain, Amadou Gon Coulibaly, est de retour en C\u00f4te d\u2019Ivoire, depuis le 2 juillet 2020. Si ce retour au bercail semble avoir ramen\u00e9 une certaine s\u00e9r\u00e9nit\u00e9 dans le camp pr\u00e9sidentiel, au sein duquel cette longue absence avait fait na\u00eetre progressivement des doutes, des inqui\u00e9tudes demeurent tout de m\u00eame chez bon nombre d\u2019Ivoiriens. Ces derniers s\u2019interrogent sur la capacit\u00e9 r\u00e9elle de l\u2019homme \u00e0 endosser les charges de dauphin qui lui ont \u00e9t\u00e9 confi\u00e9es par le pr\u00e9sident sortant, Alassane Ouattara, dont le deuxi\u00e8me mandat arrive \u00e0 terme. Candidat du RHDP, Gon Coulibaly devra d\u00e9fendre les couleurs de la coalition face \u00e0 l\u2019opposition ivoirienne qui n\u2019exclut pas de faire bloc derri\u00e8re une candidature unique. Ce scenario \u00ab Tous contre le camp Ouattara \u00bb, \u00e0 y penser, donne d\u00e9j\u00e0 des migraines au pouvoir en place, tant il est tr\u00e8s redoutable dans le contexte politique actuel de la C\u00f4te d\u2019Ivoire. En effet, le mandat d\u2019arr\u00eat international contre l\u2019ancien pr\u00e9sident de l\u2019Assembl\u00e9e nationale ivoirienne, Guillaume Kigbafori Soro, aujourd\u2019hui en exil \u00e0 Paris, le maintien de Laurent Gbagbo et de Charles Bl\u00e9 Goud\u00e9 \u00e0 l\u2019\u00e9tranger malgr\u00e9 leur acquittement par la Cour p\u00e9nale internationale (CPI), ajout\u00e9s \u00e0 la rupture entre B\u00e9di\u00e9 et le pr\u00e9sident Alassane Ouattara ont favoris\u00e9 le rapprochement des leaders de l\u2019opposition.<\/p>\n<p>Avec \u00e0 leur t\u00eate l\u2019ex-pr\u00e9sident Henri Konan B\u00e9di\u00e9, dont l\u2019investiture pour la future pr\u00e9sidentielle par le Parti d\u00e9mocratique et de C\u00f4te d\u2019Ivoire (PDCI) est attendu dans les semaines \u00e0 venir au bord de la lagune Ebri\u00e9. Manifestement pouss\u00e9 \u00e0 bout par le divorce, B\u00e9di\u00e9 a d\u00e9cid\u00e9 de repartir \u00e0 la conqu\u00eate du fauteuil pr\u00e9sidentiel dont il a \u00e9t\u00e9 \u00e9ject\u00e9 en d\u00e9cembre 1999 par le g\u00e9n\u00e9ral Robert Gu\u00e9i \u00e0 la suite d\u2019un coup d\u2019Etat sans bain de sang. Au regard de ce qui se profile \u00e0 l\u2019horizon, on peut dire que l\u2019\u00e9lection pr\u00e9sidentielle en C\u00f4te d\u2019Ivoire sera une comp\u00e9tition tr\u00e8s rude, dont il faut s\u2019assurer de l\u2019\u00e9tat de sant\u00e9 du cheval sur lequel l\u2019on veut miser. Ag\u00e9 de 61 ans, Gon Coulibaly, qui a subi une transplantation du c\u0153ur en 2012, avait \u00e9t\u00e9 \u00e9vacu\u00e9 d\u2019urgence \u00e0 Paris le 2 mai dernier en pleine pand\u00e9mie de COVID-19 \u00e0 l\u2019h\u00f4pital de la Piti\u00e9-Salp\u00eatri\u00e8re, o\u00f9 il a \u00e9t\u00e9 intern\u00e9 pendant deux mois. Les craintes des militants du RDHP sont justifi\u00e9es dans la mesure o\u00f9 l\u2019\u00e9lection avance \u00e0 grands pas, ce qui n\u00e9cessite un lancement de la machine \u00e9lectorale.<\/p>\n<p>Connaissant les \u00e9normes sacrifices \u00e0 consentir et la d\u00e9bauche d\u2019\u00e9nergie que cela n\u00e9cessite, Gon Coulibaly, qui n\u2019a pas encore termin\u00e9 sa convalescence, doit \u00eatre dans l\u2019embarras. Faut-il c\u00e9der \u00e0 la pression des caciques du RHDP face \u00e0 la fi\u00e8vre \u00e9lectorale qui monte sans cesse et engager des tourn\u00e9es dans les diff\u00e9rentes r\u00e9gions du pays ou bien attendre de se refaire une sant\u00e9 ? Une chose est s\u00fbre, le Premier ministre qui est apparu quelque peu amaigri et aux pas lents, \u00e0 son arriv\u00e9e \u00e0 Abidjan, comme l\u2019ont relev\u00e9 certains confr\u00e8res, aura du mal \u00e0 supporter l\u2019endurance des tourn\u00e9es d\u2019une pr\u00e9campagne. On se demande m\u00eame si le candidat de la coalition au pouvoir n\u2019a pas forc\u00e9 son retour au bercail dans le but de mettre fin aux rumeurs et emp\u00eacher qu\u2019un quelconque doute ne se fonde dans l\u2019esprit des \u00e9lecteurs ivoiriens. Il devrait prendre toutes les pr\u00e9cautions pour ne pas fragiliser davantage sa sant\u00e9. Son ambition pr\u00e9sidentielle ne doit pas prendre le dessus sur sa vie, car le pouvoir n\u2019a de sens que pour les vivants. Mais d\u2019ores et d\u00e9j\u00e0, le secr\u00e9tariat ex\u00e9cutif du RHDP, dirig\u00e9 par Adama Bictogo, annonce un marathon de meetings dans les quatre coins du pays. Attendons donc de voir !<\/p>\n<div class=\"td-a-rec td-a-rec-id-content_inline tdi_30_908 td_block_template_1\"><img loading=\"lazy\" decoding=\"async\" class=\"aligncenter size-full wp-image-21314\" src=\"https:\/\/www.sidwaya.info\/wp-content\/uploads\/2020\/04\/Bandeau-Covid-19-Sidwaya-1.jpg\" alt=\"\" width=\"790\" height=\"98\"\/><\/div>\n<p class=\"c1\"><strong>Beyon Romain NEBIE<\/strong><br \/><strong>beynebie@gmail.com<\/strong><\/p>\n<div class=\"td-a-rec td-a-rec-id-content_bottom tdi_31_988 td_block_template_1\"><img loading=\"lazy\" decoding=\"async\" class=\"aligncenter size-full wp-image-22415\" src=\"https:\/\/www.sidwaya.info\/wp-content\/uploads\/2020\/05\/Bandeau-paiement-mobile-site.png\" alt=\"\" width=\"728\" height=\"90\"\/><\/div>\n<p>Auteur: DD. Sidwaya<br \/>\n<a href=\"https:\/\/www.sidwaya.info\/blog\/2020\/07\/06\/cote-divoire-lequation-gon-coulibaly\/\">Cliquez ici pour lire l&rsquo;article depuis sa source.<\/a><\/p>\n","protected":false},"excerpt":{"rendered":"<p>Apr\u00e8s une hospitalisation prolong\u00e9e en France et des rumeurs de tous genres sur son \u00e9tat de sant\u00e9, le Premier ministre ivoirien et candidat du Rassemblement des Houphou\u00ebtistes pour la d\u00e9mocratie et la paix (RHDP) pour la pr\u00e9sidentielle d\u2019octobre prochain, Amadou Gon Coulibaly, est de retour en C\u00f4te d\u2019Ivoire, depuis le 2 juillet 2020. Si ce [&hellip;]<\/p>\n","protected":false},"author":1816,"featured_media":91431,"comment_status":"closed","ping_status":"closed","sticky":false,"template":"","format":"standard","meta":{"fifu_image_url":"","fifu_image_alt":"","footnotes":""},"categories":[73,81],"tags":[],"class_list":["post-91430","post","type-post","status-publish","format-standard","has-post-thumbnail","hentry","category-actualite","category-burkina-faso"],"_links":{"self":[{"href":"https:\/\/linitiative.ca\/International\/wp-json\/wp\/v2\/posts\/91430","targetHints":{"allow":["GET"]}}],"collection":[{"href":"https:\/\/linitiative.ca\/International\/wp-json\/wp\/v2\/posts"}],"about":[{"href":"https:\/\/linitiative.ca\/International\/wp-json\/wp\/v2\/types\/post"}],"author":[{"embeddable":true,"href":"https:\/\/linitiative.ca\/International\/wp-json\/wp\/v2\/users\/1816"}],"replies":[{"embeddable":true,"href":"https:\/\/linitiative.ca\/International\/wp-json\/wp\/v2\/comments?post=91430"}],"version-history":[{"count":0,"href":"https:\/\/linitiative.ca\/International\/wp-json\/wp\/v2\/posts\/91430\/revisions"}],"wp:featuredmedia":[{"embeddable":true,"href":"https:\/\/linitiative.ca\/International\/wp-json\/"}],"wp:attachment":[{"href":"https:\/\/linitiative.ca\/International\/wp-json\/wp\/v2\/media?parent=91430"}],"wp:term":[{"taxonomy":"category","embeddable":true,"href":"https:\/\/linitiative.ca\/International\/wp-json\/wp\/v2\/categories?post=91430"},{"taxonomy":"post_tag","embeddable":true,"href":"https:\/\/linitiative.ca\/International\/wp-json\/wp\/v2\/tags?post=91430"}],"curies":[{"name":"wp","href":"https:\/\/api.w.org\/{rel}","templated":true}]}}