{"id":91433,"date":"2020-07-06T16:07:15","date_gmt":"2020-07-06T20:07:15","guid":{"rendered":"https:\/\/linitiative.ca\/International\/administration-publique-le-ministere-de-la-communication-se-dote-dun-manuel-de-procedures\/"},"modified":"2020-07-06T16:07:15","modified_gmt":"2020-07-06T20:07:15","slug":"administration-publique-le-ministere-de-la-communication-se-dote-dun-manuel-de-procedures","status":"publish","type":"post","link":"https:\/\/linitiative.ca\/International\/administration-publique-le-ministere-de-la-communication-se-dote-dun-manuel-de-procedures\/","title":{"rendered":"Administration publique  : le minist\u00e8re de la Communication se dote d\u2019un manuel de proc\u00e9dures"},"content":{"rendered":"<div class=\"td-post-featured-image\"><a href=\"https:\/\/www.sidwaya.info\/wp-content\/uploads\/2020\/07\/1-15.jpg\" data-caption=\"\"><img loading=\"lazy\" decoding=\"async\" width=\"595\" height=\"397\" class=\"entry-thumb td-modal-image\" src=\"https:\/\/www.sidwaya.info\/wp-content\/uploads\/2020\/07\/1-15.jpg\" srcset=\"https:\/\/www.sidwaya.info\/wp-content\/uploads\/2020\/07\/1-15.jpg 595w, https:\/\/www.sidwaya.info\/wp-content\/uploads\/2020\/07\/1-15-300x200.jpg 300w\" sizes=\"auto, (max-width: 595px) 100vw, 595px\" alt=\"\" title=\"1\"\/><\/a><\/div>\n<p><strong>Des responsables du minist\u00e8re de la Communication et des Relations avec le Parlement ont, au cours d\u2019une rencontre, le lundi 6 juillet 2020 \u00e0 Ouagadougou, adopt\u00e9 le manuel de proc\u00e9dures du d\u00e9partement.<\/strong><\/p>\n<p>Le minist\u00e8re de la Communication et des Relations avec le Parlement dispose d\u00e9sormais d\u2019un manuel de proc\u00e9dures. Le document a \u00e9t\u00e9 adopt\u00e9, le lundi 6 juillet 2020 \u00e0 Ouagadougou, au cours d\u2019une rencontre qui a r\u00e9uni des responsables du minist\u00e8re. Le manuel de proc\u00e9dures est un outil qui contient, entre autres, les indications sur les prestations fournies, le processus d\u2019accomplissement des services publics et les informations, pi\u00e8ces et conditions exig\u00e9es pour b\u00e9n\u00e9ficier d\u2019une prestation.<br \/>La Directrice des ressources humaines (DRH) du minist\u00e8re en charge de la communication, Laure Esther Ou\u00e9draogo, a rappel\u00e9 que c\u2019est en 2019 que le d\u00e9partement s\u2019est engag\u00e9 dans le processus de se doter de cet outil. Auparavant, a-t-elle regrett\u00e9, il \u00e9tait difficile de v\u00e9rifier la conformit\u00e9 et la r\u00e9gularit\u00e9 des actes pos\u00e9s, notamment le temps mis pour les \u00e9laborer. A partir de cet instant, s\u2019est-elle r\u00e9jouie, le minist\u00e8re en charge de la communication travaille dans les r\u00e8gles. Pour elle, le manuel de proc\u00e9dures facilite le contr\u00f4le interne et accro\u00eet la rentabilit\u00e9 et l\u2019efficacit\u00e9 de tous les acteurs. \u00ab A travers cet outil, chaque acteur conna\u00eet bien sa mission, les attributions de son service, et le temps qu\u2019il lui faut pour r\u00e9aliser un quelconque acte \u00bb, a-t-elle pr\u00e9cis\u00e9.<\/p>\n<p>Et d\u2019indiquer que ce manuel est un outil de gestion, de planification et de formation des acteurs. Il \u00e9vite certaines lourdeurs et r\u00e9duit le d\u00e9lai de traitement des actes administratifs. La DRH a enfin invit\u00e9 les usagers et les travailleurs du d\u00e9partement \u00e0 s\u2019approprier le document, car il permet \u00e0 chacun de savoir o\u00f9 et en combien de temps, ils pourront se faire \u00e9tablir tel ou tel acte. Quant \u00e0 la Secr\u00e9taire g\u00e9n\u00e9rale (SG) du minist\u00e8re en charge de la communication, Hortense Zida, elle a indiqu\u00e9 que le manuel de proc\u00e9dures contribue \u00e0 l\u2019instauration d\u2019une gestion transparente du service public et \u00e0 la lutte contre la corruption dans les administrations. Elle a ajout\u00e9 que c\u2019est un document d\u2019aide \u00e0 l\u2019encadrement, au suivi et au contr\u00f4le de l\u2019ex\u00e9cution des activit\u00e9s dans les diff\u00e9rents services.<\/p>\n<div class=\"td-a-rec td-a-rec-id-content_inline tdi_30_b3b td_block_template_1\"><img loading=\"lazy\" decoding=\"async\" class=\"aligncenter size-full wp-image-21314\" src=\"https:\/\/www.sidwaya.info\/wp-content\/uploads\/2020\/04\/Bandeau-Covid-19-Sidwaya-1.jpg\" alt=\"\" width=\"790\" height=\"98\"\/><\/div>\n<p class=\"c1\"><strong>Adama SEDGO<\/strong><br \/><strong>Jean Christophe Ou\u00e9draogo<\/strong><br \/><strong>(Stagiaire)<\/strong><\/p>\n<div class=\"td-a-rec td-a-rec-id-content_bottom tdi_31_099 td_block_template_1\"><img loading=\"lazy\" decoding=\"async\" class=\"aligncenter size-full wp-image-22415\" src=\"https:\/\/www.sidwaya.info\/wp-content\/uploads\/2020\/05\/Bandeau-paiement-mobile-site.png\" alt=\"\" width=\"728\" height=\"90\"\/><\/div>\n<p>Auteur: DD. Sidwaya<br \/>\n<a href=\"https:\/\/www.sidwaya.info\/blog\/2020\/07\/06\/administration-publique-le-ministere-de-la-communication-se-dote-dun-manuel-de-procedures\/\">Cliquez ici pour lire l&rsquo;article depuis sa source.<\/a><\/p>\n","protected":false},"excerpt":{"rendered":"<p>Des responsables du minist\u00e8re de la Communication et des Relations avec le Parlement ont, au cours d\u2019une rencontre, le lundi 6 juillet 2020 \u00e0 Ouagadougou, adopt\u00e9 le manuel de proc\u00e9dures du d\u00e9partement. Le minist\u00e8re de la Communication et des Relations avec le Parlement dispose d\u00e9sormais d\u2019un manuel de proc\u00e9dures. Le document a \u00e9t\u00e9 adopt\u00e9, le [&hellip;]<\/p>\n","protected":false},"author":1816,"featured_media":91434,"comment_status":"closed","ping_status":"closed","sticky":false,"template":"","format":"standard","meta":{"fifu_image_url":"","fifu_image_alt":"","footnotes":""},"categories":[73,81],"tags":[],"class_list":["post-91433","post","type-post","status-publish","format-standard","has-post-thumbnail","hentry","category-actualite","category-burkina-faso"],"_links":{"self":[{"href":"https:\/\/linitiative.ca\/International\/wp-json\/wp\/v2\/posts\/91433","targetHints":{"allow":["GET"]}}],"collection":[{"href":"https:\/\/linitiative.ca\/International\/wp-json\/wp\/v2\/posts"}],"about":[{"href":"https:\/\/linitiative.ca\/International\/wp-json\/wp\/v2\/types\/post"}],"author":[{"embeddable":true,"href":"https:\/\/linitiative.ca\/International\/wp-json\/wp\/v2\/users\/1816"}],"replies":[{"embeddable":true,"href":"https:\/\/linitiative.ca\/International\/wp-json\/wp\/v2\/comments?post=91433"}],"version-history":[{"count":0,"href":"https:\/\/linitiative.ca\/International\/wp-json\/wp\/v2\/posts\/91433\/revisions"}],"wp:featuredmedia":[{"embeddable":true,"href":"https:\/\/linitiative.ca\/International\/wp-json\/"}],"wp:attachment":[{"href":"https:\/\/linitiative.ca\/International\/wp-json\/wp\/v2\/media?parent=91433"}],"wp:term":[{"taxonomy":"category","embeddable":true,"href":"https:\/\/linitiative.ca\/International\/wp-json\/wp\/v2\/categories?post=91433"},{"taxonomy":"post_tag","embeddable":true,"href":"https:\/\/linitiative.ca\/International\/wp-json\/wp\/v2\/tags?post=91433"}],"curies":[{"name":"wp","href":"https:\/\/api.w.org\/{rel}","templated":true}]}}