{"id":91436,"date":"2020-07-06T16:18:07","date_gmt":"2020-07-06T20:18:07","guid":{"rendered":"https:\/\/linitiative.ca\/International\/la-croissance-ivoirienne-pourrait-setablir-a-08-si-la-crise-de-covid-19-perdure-jusqua-fin-2020-ministre\/"},"modified":"2020-07-06T16:18:07","modified_gmt":"2020-07-06T20:18:07","slug":"la-croissance-ivoirienne-pourrait-setablir-a-08-si-la-crise-de-covid-19-perdure-jusqua-fin-2020-ministre","status":"publish","type":"post","link":"https:\/\/linitiative.ca\/International\/la-croissance-ivoirienne-pourrait-setablir-a-08-si-la-crise-de-covid-19-perdure-jusqua-fin-2020-ministre\/","title":{"rendered":"La croissance ivoirienne pourrait s\u2019\u00e9tablir \u00e0 0,8% si la crise de Covid-19 perdure jusqu\u2019\u00e0 fin 2020 (ministre)"},"content":{"rendered":"<div readability=\"32\">\n<p>Publi\u00e9 le 06.07.2020 \u00e0 21h18 par APA News<\/p>\n<\/div>\n<div readability=\"99\">\n<p>Le ministre ivoirien de l\u2019\u00c9conomie et des finances, Adama Coulibaly, a indiqu\u00e9 lundi \u00e0 Abidjan que la croissance \u00e9conomique de la C\u00f4te d\u2019Ivoire pourrait conna\u00eetre une baisse importante pour ressortir \u00e0 0,8%, si la crise li\u00e9es \u00e0 la Covid-19 perdure jusqu\u2019\u00e0 fin 2020.\u00ab Le taux de croissance du PIB initialement pr\u00e9vu \u00e0 7,2% en 2020 pourra conna\u00eetre une baisse importante pour ressortir \u00e0 0,8%, si la crise perdure jusqu\u2019en fin d\u2019ann\u00e9e (2020) \u00bb, a dit M. Adama Coulibaly, au lancement de la mission d\u2019instruction du 3e \u00ab C2D \u00bb, \u00e0 Abidjan. \u00a0\u00a0<\/p>\n<p>Il a fait observer que la situation de la Covid-19, au regard de la crise, affectera la dynamique socio-\u00e9conomique du pays amorc\u00e9e depuis 2012. De ce fait, \u00ab le d\u00e9ficit budg\u00e9taire devrait se creuser mettant en mal les efforts du gouvernement de ramener \u00e0 la norme communautaire de 3% du PIB \u00bb. \u00a0<\/p>\n<p>La pand\u00e9mie \u00e0 Covid-19 touche tous les pays du monde. Selon M. Adama Coulibaly, la C\u00f4te d\u2019Ivoire se pr\u00e9pare \u00e0 maintenir la r\u00e9silience et amorcer une reprise d\u2019activit\u00e9s rapide, en vue de r\u00e9pondre aux enjeux de la transformation \u00e9conomique, de l\u2019emploi des jeunes et du d\u00e9veloppement social.<\/p>\n<p>Et, ce \u00e0 travers l\u2019accroissement de l\u2019offre de service public. Toutefois, le gouvernement devra relancer l\u2019outil \u00e9conomique. Dans ce contexte, les autorit\u00e9s ivoiriennes ont mis en place des fonds de soutiens aux entit\u00e9s socio-\u00e9conomiques.\u00a0<\/p>\n<p>Le Premier ministre ivoirien, \u00a0Amadou Gon Coulibaly, \u00a0avait indiqu\u00e9 fin mars, face \u00e0 la presse locale, que les donn\u00e9es sur la croissance \u00e9conomique en C\u00f4te d\u2019Ivoire ressortaient une r\u00e9duction de moiti\u00e9 et s\u2019\u00e9tablirait \u00e0 3,6%, dans l\u2019hypoth\u00e8se d\u2019une ma\u00eetrise de la pand\u00e9mie \u00e0 fin juin 2020.\u00a0<\/p>\n<p>L\u2019Afrique quant \u00e0 elle conna\u00eetrait, sur la base des donn\u00e9es provisoires, une r\u00e9duction de sa croissance \u00a0au niveau du continent de 3,2 % \u00e0 \u00a01,8 %, tandis qu\u2019 au niveau mondial, il est projet\u00e9 une r\u00e9cession, \u00a0avait fait remarquer le chef du gouvernement ivoirien. \u00a0\u00a0<\/p>\n<p>L\u2019Afrique Subsaharienne devrait, face \u00e0 l\u2019impact \u00e9conomique de la Covid-19, conna\u00eetre un recul de la croissance dans \u00ab une fourchette entre -2 et -5% en 2020 \u00bb contre 2,4% en 2019, avait d\u00e9clar\u00e9 mi-avril Albert Zeufack, \u00e9conomiste en chef de la Banque mondiale pour la R\u00e9gion Afrique.\u00a0<\/p>\n<\/div>\n<p>Auteur: APA News<br \/>\n<a href=\"https:\/\/www.journalducameroun.com\/la-croissance-ivoirienne-pourrait-setablir-a-08-si-la-crise-de-covid-19-perdure-jusqua-fin-2020-ministre\/\">Cliquez ici pour lire l&rsquo;article depuis sa source.<\/a><\/p>\n","protected":false},"excerpt":{"rendered":"<p>Publi\u00e9 le 06.07.2020 \u00e0 21h18 par APA News Le ministre ivoirien de l\u2019\u00c9conomie et des finances, Adama Coulibaly, a indiqu\u00e9 lundi \u00e0 Abidjan que la croissance \u00e9conomique de la C\u00f4te d\u2019Ivoire pourrait conna\u00eetre une baisse importante pour ressortir \u00e0 0,8%, si la crise li\u00e9es \u00e0 la Covid-19 perdure jusqu\u2019\u00e0 fin 2020.\u00ab Le taux de croissance [&hellip;]<\/p>\n","protected":false},"author":1965,"featured_media":0,"comment_status":"closed","ping_status":"closed","sticky":false,"template":"","format":"standard","meta":{"fifu_image_url":"","fifu_image_alt":"","footnotes":""},"categories":[73,82],"tags":[],"class_list":["post-91436","post","type-post","status-publish","format-standard","hentry","category-actualite","category-cameroun"],"_links":{"self":[{"href":"https:\/\/linitiative.ca\/International\/wp-json\/wp\/v2\/posts\/91436","targetHints":{"allow":["GET"]}}],"collection":[{"href":"https:\/\/linitiative.ca\/International\/wp-json\/wp\/v2\/posts"}],"about":[{"href":"https:\/\/linitiative.ca\/International\/wp-json\/wp\/v2\/types\/post"}],"author":[{"embeddable":true,"href":"https:\/\/linitiative.ca\/International\/wp-json\/wp\/v2\/users\/1965"}],"replies":[{"embeddable":true,"href":"https:\/\/linitiative.ca\/International\/wp-json\/wp\/v2\/comments?post=91436"}],"version-history":[{"count":0,"href":"https:\/\/linitiative.ca\/International\/wp-json\/wp\/v2\/posts\/91436\/revisions"}],"wp:attachment":[{"href":"https:\/\/linitiative.ca\/International\/wp-json\/wp\/v2\/media?parent=91436"}],"wp:term":[{"taxonomy":"category","embeddable":true,"href":"https:\/\/linitiative.ca\/International\/wp-json\/wp\/v2\/categories?post=91436"},{"taxonomy":"post_tag","embeddable":true,"href":"https:\/\/linitiative.ca\/International\/wp-json\/wp\/v2\/tags?post=91436"}],"curies":[{"name":"wp","href":"https:\/\/api.w.org\/{rel}","templated":true}]}}