{"id":91442,"date":"2020-07-06T13:42:57","date_gmt":"2020-07-06T17:42:57","guid":{"rendered":"https:\/\/linitiative.ca\/International\/le-gouvernement-dement-toute-negociation-avec-les-leaders-secessionnistes\/"},"modified":"2020-07-06T13:42:57","modified_gmt":"2020-07-06T17:42:57","slug":"le-gouvernement-dement-toute-negociation-avec-les-leaders-secessionnistes","status":"publish","type":"post","link":"https:\/\/linitiative.ca\/International\/le-gouvernement-dement-toute-negociation-avec-les-leaders-secessionnistes\/","title":{"rendered":"Le gouvernement d\u00e9ment toute n\u00e9gociation avec les leaders s\u00e9cessionnistes"},"content":{"rendered":"<div class=\"featured-area featured-area-inner\"><img loading=\"lazy\" decoding=\"async\" width=\"780\" height=\"440\" src=\"https:\/\/ecomatin.net\/wp-content\/uploads\/2020\/07\/sadi-1.jpg\" class=\"attachment-full size-full wp-post-image\" alt=\"\" srcset=\"https:\/\/ecomatin.net\/wp-content\/uploads\/2020\/07\/sadi-1.jpg 780w, https:\/\/ecomatin.net\/wp-content\/uploads\/2020\/07\/sadi-1-300x169.jpg 300w, https:\/\/ecomatin.net\/wp-content\/uploads\/2020\/07\/sadi-1-768x433.jpg 768w, https:\/\/ecomatin.net\/wp-content\/uploads\/2020\/07\/sadi-1-390x220.jpg 390w\" sizes=\"auto, (max-width: 780px) 100vw, 780px\" data-attachment-id=\"16855\" data-permalink=\"https:\/\/ecomatin.net\/le-gouvernement-dement-toute-negociation-avec-les-leaders-secessionnistes\/sadi-2\/\" data-orig-file=\"https:\/\/ecomatin.net\/wp-content\/uploads\/2020\/07\/sadi-1.jpg\" data-orig-size=\"780,440\" data-comments-opened=\"0\" data-image-meta=\"{&quot;aperture&quot;:&quot;0&quot;,&quot;credit&quot;:&quot;&quot;,&quot;camera&quot;:&quot;&quot;,&quot;caption&quot;:&quot;&quot;,&quot;created_timestamp&quot;:&quot;0&quot;,&quot;copyright&quot;:&quot;&quot;,&quot;focal_length&quot;:&quot;0&quot;,&quot;iso&quot;:&quot;0&quot;,&quot;shutter_speed&quot;:&quot;0&quot;,&quot;title&quot;:&quot;&quot;,&quot;orientation&quot;:&quot;0&quot;}\" data-image-title=\"sadi\" data-image-description=\"\" data-medium-file=\"https:\/\/ecomatin.net\/wp-content\/uploads\/2020\/07\/sadi-1-300x169.jpg\" data-large-file=\"https:\/\/ecomatin.net\/wp-content\/uploads\/2020\/07\/sadi-1.jpg\"\/><\/div>\n<div class=\"entry-content entry clearfix\" readability=\"34.651816824291\">\n<p>La nouvelle est partie des r\u00e9seaux sociaux avant de faire les choux gras de la presse nationale ce lundi 06 juillet 2020. Selon des sources proches de certains m\u00e9dias, le gouvernement camerounais aurait engag\u00e9, le 02 juillet dernier,\u00a0\u00a0des n\u00e9gociations avec neuf leaders s\u00e9cessionnistes condamn\u00e9s par le tribunal militaire vde Yaound\u00e9 pour leur implication dans la crise qui s\u00e9vit actuellement dans les r\u00e9gions du Nord-Ouest et du Sud-ouest. Des pourparlers qui se seraient par ailleurs tenus en pr\u00e9sence de Sisuku Ayuck Tabe, Pr\u00e9sident de la r\u00e9publique virtuelle d\u2019Ambazonie, et qui visaient \u00e0 \u00ab\u00a0recueillir les propositions et les conditions pos\u00e9es par les leaders s\u00e9cessionnistes pour un retour d\u00e9finitif \u00e0 la paix dans les r\u00e9gions anglophones\u00a0\u00bb peut-on lire dans les colonnes du quotidien Le Jour dans son \u00e9dition du 06 juillet. Cette nouvelle qui n\u2019a pas manqu\u00e9 d\u2019agiter l\u2019opinion publique s\u2019inspire des propos d\u2019un avocat des leaders s\u00e9paratistes qui d\u00e9clarait mordicus\u00a0: \u00ab\u00a0je peux vous confirmer que neufs s\u00e9cessionnistes \u00e9crou\u00e9s en prison ont pris part \u00e0 la rencontre tenue jeudi dernier \u00e0 Yaound\u00e9.\u00a0\u00bb<\/p>\n<p>Faux\u00a0! R\u00e9torque le gouvernement. Dans un communiqu\u00e9 qu\u2019il a rendu public ce 06 juillet, le ministre de la Communication, par ailleurs porte-parole du gouvernement d\u00e9ment toute n\u00e9gociation avec les dits leaders. \u00ab\u00a0Le gouvernement de la r\u00e9publique porte \u00e0 la connaissance de l\u2019opinion que l\u2019information diffus\u00e9e dans les r\u00e9seaux sociaux sur la tenue, le 02 juillet 2020, de n\u00e9gociations entre une d\u00e9l\u00e9gation gouvernementale et les s\u00e9cessionnistes en instance de jugement, n\u2019est pas conforme \u00e0 la r\u00e9alit\u00e9.\u00a0\u00bb Tout en r\u00e9it\u00e9rant l\u2019ouverture du gouvernement dans la recherche des solutions pour ramener la paix dans les r\u00e9gions en crise, Ren\u00e9 Emmanuel Sadi appelle les groupes arm\u00e9s \u00e0 saisir la main tendue du chef de l\u2019Etat \u00ab\u00a0Le gouvernement lance de nouveau un appel aux groupes arm\u00e9es pour qu\u2019ils cessent les atrocit\u00e9s contre les populations civiles ainsi que la destruction des infrastructures de d\u00e9veloppement et r\u00e9pondent favorablement \u00e0 l\u2019offre de paix du Chef de l\u2019Etat\u00a0\u00bb souligne-t-il.<\/p>\n<p>[author title=\u00a0\u00bbLa R\u00e9daction EcoMatin\u00a0\u00bb image=\u00a0\u00bbhttp:\/\/\u00a0\u00bb][\/author]<\/p>\n<div class=\"awac-wrapper awac widget posts-list-widget-11\">\n<h4 class=\"widget-title\">Le plus r\u00e9cent<\/h4>\n<\/div>\n<\/div>\n<p>Auteur: EcoMatin<br \/>\n<a href=\"https:\/\/ecomatin.net\/le-gouvernement-dement-toute-negociation-avec-les-leaders-secessionnistes\/\">Cliquez ici pour lire l&rsquo;article depuis sa source.<\/a><\/p>\n","protected":false},"excerpt":{"rendered":"<p>La nouvelle est partie des r\u00e9seaux sociaux avant de faire les choux gras de la presse nationale ce lundi 06 juillet 2020. Selon des sources proches de certains m\u00e9dias, le gouvernement camerounais aurait engag\u00e9, le 02 juillet dernier,\u00a0\u00a0des n\u00e9gociations avec neuf leaders s\u00e9cessionnistes condamn\u00e9s par le tribunal militaire vde Yaound\u00e9 pour leur implication dans la [&hellip;]<\/p>\n","protected":false},"author":1969,"featured_media":91443,"comment_status":"closed","ping_status":"closed","sticky":false,"template":"","format":"standard","meta":{"fifu_image_url":"","fifu_image_alt":"","footnotes":""},"categories":[82,78],"tags":[],"class_list":["post-91442","post","type-post","status-publish","format-standard","has-post-thumbnail","hentry","category-cameroun","category-economie"],"_links":{"self":[{"href":"https:\/\/linitiative.ca\/International\/wp-json\/wp\/v2\/posts\/91442","targetHints":{"allow":["GET"]}}],"collection":[{"href":"https:\/\/linitiative.ca\/International\/wp-json\/wp\/v2\/posts"}],"about":[{"href":"https:\/\/linitiative.ca\/International\/wp-json\/wp\/v2\/types\/post"}],"author":[{"embeddable":true,"href":"https:\/\/linitiative.ca\/International\/wp-json\/wp\/v2\/users\/1969"}],"replies":[{"embeddable":true,"href":"https:\/\/linitiative.ca\/International\/wp-json\/wp\/v2\/comments?post=91442"}],"version-history":[{"count":0,"href":"https:\/\/linitiative.ca\/International\/wp-json\/wp\/v2\/posts\/91442\/revisions"}],"wp:featuredmedia":[{"embeddable":true,"href":"https:\/\/linitiative.ca\/International\/wp-json\/"}],"wp:attachment":[{"href":"https:\/\/linitiative.ca\/International\/wp-json\/wp\/v2\/media?parent=91442"}],"wp:term":[{"taxonomy":"category","embeddable":true,"href":"https:\/\/linitiative.ca\/International\/wp-json\/wp\/v2\/categories?post=91442"},{"taxonomy":"post_tag","embeddable":true,"href":"https:\/\/linitiative.ca\/International\/wp-json\/wp\/v2\/tags?post=91442"}],"curies":[{"name":"wp","href":"https:\/\/api.w.org\/{rel}","templated":true}]}}