{"id":91446,"date":"2020-07-06T15:08:49","date_gmt":"2020-07-06T19:08:49","guid":{"rendered":"https:\/\/linitiative.ca\/International\/coronavirus-orange-cameroun-lance-des-operations-de-desinfection-detablissement-scolaires\/"},"modified":"2020-07-06T15:08:49","modified_gmt":"2020-07-06T19:08:49","slug":"coronavirus-orange-cameroun-lance-des-operations-de-desinfection-detablissement-scolaires","status":"publish","type":"post","link":"https:\/\/linitiative.ca\/International\/coronavirus-orange-cameroun-lance-des-operations-de-desinfection-detablissement-scolaires\/","title":{"rendered":"Coronavirus : Orange Cameroun lance des op\u00e9rations de d\u00e9sinfection d\u2019\u00e9tablissement scolaires"},"content":{"rendered":"<div class=\"featured-area featured-area-inner\"><img loading=\"lazy\" decoding=\"async\" width=\"712\" height=\"421\" src=\"https:\/\/ecomatin.net\/wp-content\/uploads\/2020\/07\/FB_IMG_15940327092041442.jpg\" class=\"attachment-full size-full wp-post-image\" alt=\"\" srcset=\"https:\/\/ecomatin.net\/wp-content\/uploads\/2020\/07\/FB_IMG_15940327092041442.jpg 712w, https:\/\/ecomatin.net\/wp-content\/uploads\/2020\/07\/FB_IMG_15940327092041442-300x177.jpg 300w\" sizes=\"auto, (max-width: 712px) 100vw, 712px\" data-attachment-id=\"16861\" data-permalink=\"https:\/\/ecomatin.net\/coronavirus-orange-cameroun-lance-des-operations-de-desinfection-detablissement-scolaires\/fb_img_15940327092041442\/\" data-orig-file=\"https:\/\/ecomatin.net\/wp-content\/uploads\/2020\/07\/FB_IMG_15940327092041442.jpg\" data-orig-size=\"712,421\" data-comments-opened=\"0\" data-image-meta=\"{&quot;aperture&quot;:&quot;0&quot;,&quot;credit&quot;:&quot;&quot;,&quot;camera&quot;:&quot;&quot;,&quot;caption&quot;:&quot;&quot;,&quot;created_timestamp&quot;:&quot;0&quot;,&quot;copyright&quot;:&quot;&quot;,&quot;focal_length&quot;:&quot;0&quot;,&quot;iso&quot;:&quot;0&quot;,&quot;shutter_speed&quot;:&quot;0&quot;,&quot;title&quot;:&quot;&quot;,&quot;orientation&quot;:&quot;0&quot;}\" data-image-title=\"FB_IMG_15940327092041442\" data-image-description=\"\" data-medium-file=\"https:\/\/ecomatin.net\/wp-content\/uploads\/2020\/07\/FB_IMG_15940327092041442-300x177.jpg\" data-large-file=\"https:\/\/ecomatin.net\/wp-content\/uploads\/2020\/07\/FB_IMG_15940327092041442.jpg\"\/><\/div>\n<div class=\"entry-content entry clearfix\" readability=\"36.503656039778\">\n<p>L\u2019entreprise citoyenne de t\u00e9l\u00e9phonie mobile Orange Cameroun r\u00e9solument engag\u00e9e \u00e0 barrer la route \u00e0 la propagation du Coronavirus ne cesse de diversifier ses actions dans ce sens-l\u00e0. L\u2019op\u00e9rateur de t\u00e9l\u00e9communications \u00e0 travers sa Fondation a d\u00e9cid\u00e9 de d\u00e9sinfecter des \u00e9tablissements scolaires. L\u2019action en question entre dans son Programme d\u2019accompagnement de l\u2019Etat pour limiter la propagation du Coronavirus.<\/p>\n<p>Lire aussi : <a href=\"https:\/\/ecomatin.net\/le-taux-de-contamination-lie-au-coronavirus-en-evolution-rapide-au-cameroun\/\">Le taux de contamination li\u00e9 au coronavirus en \u00e9volution rapide au Cameroun<\/a><\/p>\n<p>Les premiers \u00e9tablissements de la liste b\u00e9n\u00e9ficiaire de cette d\u00e9sinfection sont le Lyc\u00e9e Leclerc et celui de la Cit\u00e9 des Palmiers \u00e0 Douala. Selon l\u2019entreprise de t\u00e9l\u00e9phonie mobile, l\u2019op\u00e9ration va se poursuivre dans d\u2019autres \u00e9tablissements scolaires.<\/p>\n<p>Cette nouvelle dotation s\u2019ajoute aux multiples gestes de l\u2019op\u00e9rateur de t\u00e9l\u00e9phonie mobile. Il s\u2019agit notamment de la participation \u00e0 hauteur de 180 milliards de FCFA en mat\u00e9riel m\u00e9dical au fonds national de solidarit\u00e9 national cr\u00e9e par le pr\u00e9sident de la R\u00e9publique, des dotations aupr\u00e8s des communes, des conducteurs de mototaxi, de l\u2019association des\u00a0<em>bayams-sellam\u00a0<\/em>et bien d\u2018autres.<\/p>\n<p>Lire aussi : <a href=\"https:\/\/ecomatin.net\/lutte-contre-le-covid-19-orange-cameroun-accorde-un-appui-supplementaire-de-80-millions\/\">Lutte contre le Covid-19, Orange Cameroun apporte un appui suppl\u00e9mentaire de 80 millions<\/a><\/p>\n<p>S\u2019agissant de la situation \u00e9pid\u00e9miologique du Cameroun, elle fait \u00e9tat de 13\u00a0711 cas confirm\u00e9s, 11\u00a0114 gu\u00e9ris et 328 d\u00e9c\u00e8s, soit un taux de l\u00e9talit\u00e9 de 2,3%, comme l\u2019a indiqu\u00e9 le ministre de la sant\u00e9 publique lors de la r\u00e9union d\u2019\u00e9valuation de la strat\u00e9gie de lutte contre la propagation du Coronavirus.<\/p>\n<p>[author title=\u00a0\u00bbLa R\u00e9daction EcoMatin\u00a0\u00bb image=\u00a0\u00bbhttp:\/\/\u00a0\u00bb][\/author]<\/p>\n<div class=\"awac-wrapper awac widget posts-list-widget-11\">\n<h4 class=\"widget-title\">Le plus r\u00e9cent<\/h4>\n<\/div>\n<\/div>\n<p>Auteur: EcoMatin<br \/>\n<a href=\"https:\/\/ecomatin.net\/coronavirus-orange-cameroun-lance-des-operations-de-desinfection-detablissement-scolaires\/\">Cliquez ici pour lire l&rsquo;article depuis sa source.<\/a><\/p>\n","protected":false},"excerpt":{"rendered":"<p>L\u2019entreprise citoyenne de t\u00e9l\u00e9phonie mobile Orange Cameroun r\u00e9solument engag\u00e9e \u00e0 barrer la route \u00e0 la propagation du Coronavirus ne cesse de diversifier ses actions dans ce sens-l\u00e0. L\u2019op\u00e9rateur de t\u00e9l\u00e9communications \u00e0 travers sa Fondation a d\u00e9cid\u00e9 de d\u00e9sinfecter des \u00e9tablissements scolaires. L\u2019action en question entre dans son Programme d\u2019accompagnement de l\u2019Etat pour limiter la propagation [&hellip;]<\/p>\n","protected":false},"author":1969,"featured_media":91447,"comment_status":"closed","ping_status":"closed","sticky":false,"template":"","format":"standard","meta":{"fifu_image_url":"","fifu_image_alt":"","footnotes":""},"categories":[82,78],"tags":[],"class_list":["post-91446","post","type-post","status-publish","format-standard","has-post-thumbnail","hentry","category-cameroun","category-economie"],"_links":{"self":[{"href":"https:\/\/linitiative.ca\/International\/wp-json\/wp\/v2\/posts\/91446","targetHints":{"allow":["GET"]}}],"collection":[{"href":"https:\/\/linitiative.ca\/International\/wp-json\/wp\/v2\/posts"}],"about":[{"href":"https:\/\/linitiative.ca\/International\/wp-json\/wp\/v2\/types\/post"}],"author":[{"embeddable":true,"href":"https:\/\/linitiative.ca\/International\/wp-json\/wp\/v2\/users\/1969"}],"replies":[{"embeddable":true,"href":"https:\/\/linitiative.ca\/International\/wp-json\/wp\/v2\/comments?post=91446"}],"version-history":[{"count":0,"href":"https:\/\/linitiative.ca\/International\/wp-json\/wp\/v2\/posts\/91446\/revisions"}],"wp:featuredmedia":[{"embeddable":true,"href":"https:\/\/linitiative.ca\/International\/wp-json\/"}],"wp:attachment":[{"href":"https:\/\/linitiative.ca\/International\/wp-json\/wp\/v2\/media?parent=91446"}],"wp:term":[{"taxonomy":"category","embeddable":true,"href":"https:\/\/linitiative.ca\/International\/wp-json\/wp\/v2\/categories?post=91446"},{"taxonomy":"post_tag","embeddable":true,"href":"https:\/\/linitiative.ca\/International\/wp-json\/wp\/v2\/tags?post=91446"}],"curies":[{"name":"wp","href":"https:\/\/api.w.org\/{rel}","templated":true}]}}