{"id":91460,"date":"2020-07-06T17:33:47","date_gmt":"2020-07-06T21:33:47","guid":{"rendered":"https:\/\/linitiative.ca\/International\/les-repercussions-de-la-covid-19-au-centre-dune-session-du-cro\/"},"modified":"2020-07-06T17:33:47","modified_gmt":"2020-07-06T21:33:47","slug":"les-repercussions-de-la-covid-19-au-centre-dune-session-du-cro","status":"publish","type":"post","link":"https:\/\/linitiative.ca\/International\/les-repercussions-de-la-covid-19-au-centre-dune-session-du-cro\/","title":{"rendered":"Les r\u00e9percussions de la Covid-19 au centre d\u2019une session du CRO"},"content":{"rendered":"<p class=\"c4\">Les r\u00e9percussions \u00e9conomiques et sociales de la pand\u00e9mie du coronavirus (Covid-19) et le projet de contrat programme entre l\u2019Etat et la r\u00e9gion de l\u2019Oriental \u00e9taient au centre des travaux de la session ordinaire du Conseil r\u00e9gional de l\u2019Oriental, qui a eu lieu lundi \u00e0 Oujda.<\/p>\n<p class=\"c4\">Cette session, pr\u00e9sid\u00e9e par le pr\u00e9sident du Conseil, Abdenbi Bioui, en pr\u00e9sence du Wali de la r\u00e9gion de l\u2019Oriental, gouverneur de la pr\u00e9fecture d\u2019Oujda-Angad, Mouad El Jamai, s\u2019est tenue dans le respect total des mesures pr\u00e9ventives et sanitaires en vigueur pour la lutte contre la propagation de la Covid-19.<\/p>\n<p class=\"c4\">A cette occasion, le pr\u00e9sident et les membres du Conseil ont mis en avant les mesures prises par le Royaume conform\u00e9ment aux Hautes orientations royales pour lutter contre la pand\u00e9mie du nouveau coronavirus et assurer la s\u00e9curit\u00e9 sanitaire des citoyens, ainsi que pour le soutien \u00e0 l\u2019\u00e9conomie nationale et la r\u00e9duction de l\u2019impact social occasionn\u00e9 par cette situation.<\/p>\n<p class=\"c4\">Ils ont rappel\u00e9 dans ce sens notamment l\u2019initiative royale de cr\u00e9ation du Fonds sp\u00e9cial pour la gestion de la pand\u00e9mie du Coronavirus, l\u2019\u00e9lan exceptionnel de solidarit\u00e9 et de mobilisation nationale, en sus de la solidarit\u00e9 du Maroc avec plusieurs pays africains.<\/p>\n<p class=\"c4\">M. Bioui a indiqu\u00e9, dans une d\u00e9claration \u00e0 la MAP, que cette session intervient dans un contexte particulier li\u00e9 \u00e0 la pand\u00e9mie du nouveau coronavirus, mettant l\u2019accent sur ses cons\u00e9quences socio-\u00e9conomiques et sur le r\u00f4le que peut jouer le Conseil de la r\u00e9gion dans la phase post-covid pour pr\u00e9server les emplois et soutenir les entreprises dans la r\u00e9gion.<\/p>\n<p class=\"c4\">Notant que les mesures pr\u00e9ventives et proactives adopt\u00e9es par le Royaume sous la conduite \u00e9clair\u00e9e du Souverain dans le cadre de la lutte contre le coronavirus et ses effets ont \u00e9t\u00e9 salu\u00e9es au niveau international, le Wali de la r\u00e9gion de l\u2019Oriental a donn\u00e9, quant \u00e0 lui, un aper\u00e7u sur les mesures prises au niveau de la r\u00e9gion et la mobilisation g\u00e9n\u00e9rale des diff\u00e9rents intervenants ayant permis de r\u00e9aliser de bons r\u00e9sultats en termes d\u2019interruption de la cha\u00eene de transmission du virus, et de venir en aide aux familles et personnes fragilis\u00e9es par la Covid-19.<\/p>\n<p class=\"c4\">Il a toutefois soulign\u00e9 l\u2019imp\u00e9ratif de la poursuite de la mobilisation et de la vigilance pour pr\u00e9server les acquis et lutter contre la pand\u00e9mie qui, a-t-il dit, n\u2019est pas finie.<\/p>\n<p class=\"c4\">Il a aussi mis l\u2019accent sur les efforts d\u00e9ploy\u00e9s par le comit\u00e9 r\u00e9gional de veille \u00e9conomique pour d\u00e9finir les r\u00e9percussions de la pand\u00e9mie sur l\u2019\u00e9conomie de la r\u00e9gion et ses secteurs vitaux, ainsi que les mesures qui peuvent \u00eatre prises pour la relance \u00e9conomique post-coronavirus.<\/p>\n<p class=\"c4\">M. El Jamai a fait remarquer \u00e0 cet \u00e9gard que plusieurs propositions ont \u00e9t\u00e9 faites en concertation avec les repr\u00e9sentants des secteurs concern\u00e9s, et ce dans l\u2019objectif d\u2019insuffler une nouvelle dynamique au processus de d\u00e9veloppement dans l\u2019Oriental selon une nouvelle vision, et faire de la r\u00e9gion un p\u00f4le comp\u00e9titif.<\/p>\n<p class=\"c4\">Ces propositions portent, entre autres, sur le d\u00e9veloppement des p\u00f4les \u00e9conomiques, la promotion et l\u2019encouragement de l\u2019investissement, la mise en place d\u2019un syst\u00e8me fiscal flexible, la cr\u00e9ation d\u2019un fonds pur l\u2019encadrement du secteur informel, le soutien et l\u2019accompagnement des entreprises, et le d\u00e9veloppement de nouveaux secteurs pouvant g\u00e9n\u00e9rer des emplois tels que l\u2019\u00e9conomie sociale et solidaire, l\u2019offshoring et le digital.<\/p>\n<p class=\"c4\">L\u2019ordre du jour de la session a \u00e9t\u00e9 marqu\u00e9 aussi par une pr\u00e9sentation ax\u00e9e sur l\u2019avancement du projet de contrat programme entre l\u2019Etat et la r\u00e9gion de l\u2019Oriental pour la mise en oeuvre des projets \u00e0 caract\u00e8re prioritaire dans le Programme de d\u00e9veloppement de la r\u00e9gion (PDR) pour la p\u00e9riode 2020-2021.<\/p>\n<p class=\"c4\">Ce contrat ambitionne la concr\u00e9tisation des objectifs du PDR concernant la cr\u00e9ation d\u2019opportunit\u00e9s en termes d\u2019emplois durables et l\u2019am\u00e9lioration du niveau de vie en milieu rural.<\/p>\n<p class=\"c4\">Le Conseil a en outre examin\u00e9 et approuv\u00e9 des transferts budg\u00e9taires et une convention-cadre de partenariat qui d\u00e9finit les conditions et les modalit\u00e9s d\u2019appui au renouvellement du parc de taxis (premi\u00e8re et deuxi\u00e8me cat\u00e9gories) au niveau de la pr\u00e9fecture d\u2019Oujda-Angad.<\/p>\n<p>Auteur: Soufiane ELAHMAR<br \/>\n<a href=\"http:\/\/www.mapoujda.ma\/fr\/les-repercussions-de-la-covid-19-au-centre-dune-session-du-cro\/\">Cliquez ici pour lire l&rsquo;article depuis sa source.<\/a><\/p>\n","protected":false},"excerpt":{"rendered":"<p>Les r\u00e9percussions \u00e9conomiques et sociales de la pand\u00e9mie du coronavirus (Covid-19) et le projet de contrat programme entre l\u2019Etat et la r\u00e9gion de l\u2019Oriental \u00e9taient au centre des travaux de la session ordinaire du Conseil r\u00e9gional de l\u2019Oriental, qui a eu lieu lundi \u00e0 Oujda. Cette session, pr\u00e9sid\u00e9e par le pr\u00e9sident du Conseil, Abdenbi Bioui, [&hellip;]<\/p>\n","protected":false},"author":1788,"featured_media":0,"comment_status":"closed","ping_status":"closed","sticky":false,"template":"","format":"standard","meta":{"fifu_image_url":"","fifu_image_alt":"","footnotes":""},"categories":[54,76],"tags":[],"class_list":["post-91460","post","type-post","status-publish","format-standard","hentry","category-maroc","category-regions"],"_links":{"self":[{"href":"https:\/\/linitiative.ca\/International\/wp-json\/wp\/v2\/posts\/91460","targetHints":{"allow":["GET"]}}],"collection":[{"href":"https:\/\/linitiative.ca\/International\/wp-json\/wp\/v2\/posts"}],"about":[{"href":"https:\/\/linitiative.ca\/International\/wp-json\/wp\/v2\/types\/post"}],"author":[{"embeddable":true,"href":"https:\/\/linitiative.ca\/International\/wp-json\/wp\/v2\/users\/1788"}],"replies":[{"embeddable":true,"href":"https:\/\/linitiative.ca\/International\/wp-json\/wp\/v2\/comments?post=91460"}],"version-history":[{"count":0,"href":"https:\/\/linitiative.ca\/International\/wp-json\/wp\/v2\/posts\/91460\/revisions"}],"wp:attachment":[{"href":"https:\/\/linitiative.ca\/International\/wp-json\/wp\/v2\/media?parent=91460"}],"wp:term":[{"taxonomy":"category","embeddable":true,"href":"https:\/\/linitiative.ca\/International\/wp-json\/wp\/v2\/categories?post=91460"},{"taxonomy":"post_tag","embeddable":true,"href":"https:\/\/linitiative.ca\/International\/wp-json\/wp\/v2\/tags?post=91460"}],"curies":[{"name":"wp","href":"https:\/\/api.w.org\/{rel}","templated":true}]}}