{"id":91461,"date":"2020-07-06T17:48:10","date_gmt":"2020-07-06T21:48:10","guid":{"rendered":"https:\/\/linitiative.ca\/International\/adoption-de-plusieurs-conventions\/"},"modified":"2020-07-06T17:48:10","modified_gmt":"2020-07-06T21:48:10","slug":"adoption-de-plusieurs-conventions","status":"publish","type":"post","link":"https:\/\/linitiative.ca\/International\/adoption-de-plusieurs-conventions\/","title":{"rendered":"Adoption de plusieurs conventions"},"content":{"rendered":"<div readability=\"38\">\n<p>Marrakech \u2013 Le conseil de la r\u00e9gion Marrakech-Safi r\u00e9uni, lundi, dans le cadre de sa session ordinaire du mois de juillet, dans le strict respect des mesures de distanciation physique, a adopt\u00e9 plusieurs conventions relatives aux domaines de l\u2019industrie et de l\u2019enseignement sup\u00e9rieur.<\/p>\n<\/div>\n<div readability=\"109\">\n<p>Le conseil, tenu en pr\u00e9sence notamment de M. Ahmed Akhchichine, du wali de la r\u00e9gion Marrakech-Safi, Karim Kassi-Lahlou, a ainsi approuv\u00e9 le projet d\u2019annulation de la d\u00e9cision prise lors de la session ordinaire de mars 2019 et portant sur la convention de partenariat relative au projet de valorisation d\u2019une plateforme des industries alimentaires \u00e0 Benguerir et son remplacement par un projet de convention de partenariat relatif \u00e0 un projet de valorisation d\u2019une plateforme des industries alimentaires \u00e0 Benguerir.<\/p>\n<p>L\u2019instance \u00e9lue a aussi adopt\u00e9 un projet de protocole de coop\u00e9ration entre la r\u00e9gion Marrakech-Safi, la pr\u00e9fecture de la province de Safi et l\u2019universit\u00e9 Cadi Ayyad (UCA) pour la cr\u00e9ation d\u2019un laboratoire et d\u2019un centre de recherche scientifique et universitaire au si\u00e8ge du laboratoire r\u00e9gional sis au quartier industriel \u00e0 Safi.<\/p>\n<p>Le conseil a, en outre, approuv\u00e9 \u00e0 l\u2019unanimit\u00e9 le projet de convention de partenariat pour la cr\u00e9ation d\u2019un centre de d\u00e9veloppement des comp\u00e9tences professionnelles et de l\u2019innovation dans la ville de Safi.<\/p>\n<p>Cette session a \u00e9t\u00e9 marqu\u00e9e par l\u2019adoption du projet d\u2019annulation de la d\u00e9cision prise lors de la session ordinaire de mars 2020, relative au transfert de plusieurs fonds du budget de l\u2019\u00e9quipement au titre de l\u2019exercice financier 2020, et son remplacement par une nouvelle d\u00e9cision concernant la m\u00eame question.<\/p>\n<p>Il a \u00e9t\u00e9, par ailleurs, proc\u00e9d\u00e9 \u00e0 l\u2019approbation du prix d\u2019acquisition d\u2019un lot de terrain, d\u2019une superficie de 40 ha pour un montant fix\u00e9 \u00e0 40 millions DH (100 DH\/M2 sur la base du proc\u00e8s de la commission administrative d\u2019\u00e9valuation en date du 09 juillet 2019), destin\u00e9 \u00e0 la r\u00e9alisation d\u2019une zone d\u2019activit\u00e9s technologiques.<\/p>\n<p>Figurait \u00e0 l\u2019ordre du jour de cette session, la pr\u00e9sentation d\u2019un rapport sur les activit\u00e9s du conseil au cours de la p\u00e9riode allant de mars \u00e0 juillet, ainsi que d\u2019un expos\u00e9 sur la situation \u00e9pid\u00e9miologique de la Covid-19 au niveau de la r\u00e9gion, pr\u00e9sent\u00e9 par la Directrice r\u00e9gionale de la Sant\u00e9.<\/p>\n<p>Dans son expos\u00e9, la responsable a pass\u00e9 en revue les derniers chiffres et donn\u00e9es actualis\u00e9es \u00e0 ce propos, en abordant l\u2019\u00e9volution de la situation \u00e9pid\u00e9miologique dans la province de Safi, qui n\u00e9cessite une intervention similaire \u00e0 celles men\u00e9es avec succ\u00e8s dans les foyers de \u00ab\u00a0Sidi Youssef Ben Ali\u00a0\u00bb et \u00ab\u00a0Sidi Ayoub\u00a0\u00bb \u00e0 Marrakech et ce, en identifiant les cas infect\u00e9s et les personnes contacts.<\/p>\n<p>A cette occasion, le wali de la r\u00e9gion a rassur\u00e9 l\u2019assistance quant aux mesures \u00ab\u00a0fermes\u00a0\u00bb prises pour le contr\u00f4le de la crise sanitaire dans la province de Safi qui, pourtant, figurait jusque-l\u00e0 parmi les provinces ayant enregistr\u00e9 un minimum de cas d\u2019infection \u00e0 l\u2019\u00e9chelle nationale.<\/p>\n<p>Dans son allocution, M. Kassi-Lahlou a salu\u00e9 les efforts de l\u2019ensemble des intervenants, avec \u00e0 leur t\u00eate les staffs m\u00e9dicaux, les services de s\u00e9curit\u00e9 et les acteurs du secteur touristique, qui ont mis un certain nombre d\u2019unit\u00e9s h\u00f4teli\u00e8res \u00e0 la disposition des personnels m\u00e9dicaux qui sont en contact avec les personnes infect\u00e9es.<\/p>\n<p>Le wali a, en outre, lou\u00e9 l\u2019effort d\u00e9ploy\u00e9 par les m\u00e9dias locaux et r\u00e9gionaux pour l\u2019accompagnement de l\u2019op\u00e9ration de gestion de la pand\u00e9mie pendant la p\u00e9riode de pointe, en faisant montre d\u2019un sens \u00e9lev\u00e9 de professionnalisme ayant contribu\u00e9 \u00e0 \u00e9clairer l\u2019opinion publique locale et r\u00e9gionale et \u00e0 renforcer la confiance des citoyens dans les interventions men\u00e9es pour enrayer la propagation de la Covid-19.<\/p>\n<\/div>\n<p>Auteur: Meriem IGASS<br \/>\n<a href=\"http:\/\/www.mapmarrakech.ma\/fr\/adoption-de-plusieurs-conventions\/\">Cliquez ici pour lire l&rsquo;article depuis sa source.<\/a><\/p>\n","protected":false},"excerpt":{"rendered":"<p>Marrakech \u2013 Le conseil de la r\u00e9gion Marrakech-Safi r\u00e9uni, lundi, dans le cadre de sa session ordinaire du mois de juillet, dans le strict respect des mesures de distanciation physique, a adopt\u00e9 plusieurs conventions relatives aux domaines de l\u2019industrie et de l\u2019enseignement sup\u00e9rieur. Le conseil, tenu en pr\u00e9sence notamment de M. Ahmed Akhchichine, du wali [&hellip;]<\/p>\n","protected":false},"author":1788,"featured_media":0,"comment_status":"closed","ping_status":"closed","sticky":false,"template":"","format":"standard","meta":{"fifu_image_url":"","fifu_image_alt":"","footnotes":""},"categories":[54,76],"tags":[],"class_list":["post-91461","post","type-post","status-publish","format-standard","hentry","category-maroc","category-regions"],"_links":{"self":[{"href":"https:\/\/linitiative.ca\/International\/wp-json\/wp\/v2\/posts\/91461","targetHints":{"allow":["GET"]}}],"collection":[{"href":"https:\/\/linitiative.ca\/International\/wp-json\/wp\/v2\/posts"}],"about":[{"href":"https:\/\/linitiative.ca\/International\/wp-json\/wp\/v2\/types\/post"}],"author":[{"embeddable":true,"href":"https:\/\/linitiative.ca\/International\/wp-json\/wp\/v2\/users\/1788"}],"replies":[{"embeddable":true,"href":"https:\/\/linitiative.ca\/International\/wp-json\/wp\/v2\/comments?post=91461"}],"version-history":[{"count":0,"href":"https:\/\/linitiative.ca\/International\/wp-json\/wp\/v2\/posts\/91461\/revisions"}],"wp:attachment":[{"href":"https:\/\/linitiative.ca\/International\/wp-json\/wp\/v2\/media?parent=91461"}],"wp:term":[{"taxonomy":"category","embeddable":true,"href":"https:\/\/linitiative.ca\/International\/wp-json\/wp\/v2\/categories?post=91461"},{"taxonomy":"post_tag","embeddable":true,"href":"https:\/\/linitiative.ca\/International\/wp-json\/wp\/v2\/tags?post=91461"}],"curies":[{"name":"wp","href":"https:\/\/api.w.org\/{rel}","templated":true}]}}