{"id":91462,"date":"2020-07-06T18:31:57","date_gmt":"2020-07-06T22:31:57","guid":{"rendered":"https:\/\/linitiative.ca\/International\/reconstitution-du-meurtre-avec-mutilation-du-cadavre\/"},"modified":"2020-07-06T18:31:57","modified_gmt":"2020-07-06T22:31:57","slug":"reconstitution-du-meurtre-avec-mutilation-du-cadavre","status":"publish","type":"post","link":"https:\/\/linitiative.ca\/International\/reconstitution-du-meurtre-avec-mutilation-du-cadavre\/","title":{"rendered":"Reconstitution du meurtre avec mutilation du cadavre"},"content":{"rendered":"<div class=\"single-featured\"><img alt=\"\" data-src=\"http:\/\/www.mapmarrakech.ma\/map\/uploads\/2020\/07\/reconstitution-crime-copier.jpg\"\/><\/div>\n<div class=\"single-post-excerpt post-excerpt-bc\" readability=\"38\">\n<p>Marrakech \u2013 La reconstitution de l\u2019homicide volontaire avec s\u00e9questration et mutilation du cadavre de la victime, survenu r\u00e9cemment \u00e0 Marrakech, a eu lieu, lundi, en pr\u00e9sence des repr\u00e9sentants de diff\u00e9rents services s\u00e9curitaires et judiciaires et de supports m\u00e9diatiques.<\/p>\n<\/div>\n<div class=\"entry-content clearfix single-post-content\" readability=\"60\">\n<p>La reconstitution de la sc\u00e8ne du crime a \u00e9t\u00e9 supervis\u00e9e par le substitut du procureur g\u00e9n\u00e9ral du Roi pr\u00e8s la Cour d\u2019appel de Marrakech, ainsi que par le chef du Service Pr\u00e9fectoral de la Police Judiciaire (SPPJ) et son adjoint.<\/p>\n<p>Les \u00e9l\u00e9ments du service pr\u00e9fectoral de la police judiciaire de la cit\u00e9 ocre avaient proc\u00e9d\u00e9, samedi soir, \u00e0 l\u2019arrestation d\u2019un individu \u00e2g\u00e9 de 29 ans, soup\u00e7onn\u00e9 d\u2019homicide volontaire avec s\u00e9questration et mutilation du cadavre de la victime.<\/p>\n<p>Les services de la pr\u00e9fecture de police de Marrakech avait fait la constatation, le 30 juin dernier, du cadavre en d\u00e9composition d\u2019une fille avec les mains et les pieds ligot\u00e9s, trouv\u00e9 dans un canal d\u2019\u00e9vacuation des eaux us\u00e9es, avait annonc\u00e9 un communiqu\u00e9 de la Direction g\u00e9n\u00e9rale de la s\u00fbret\u00e9 nationale (DGSN).<\/p>\n<p>Et de pr\u00e9ciser que les recherches et les expertises g\u00e9n\u00e9tiques ont ainsi permis d\u2019identifier la victime, une fille \u00e2g\u00e9e de 23 ans qui vivait en \u00e9tat de vagabondage.<\/p>\n<p>L\u2019enqu\u00eate a permis aussi d\u2019identifier et d\u2019interpeller le mis en cause, qui a \u00e9t\u00e9 plac\u00e9 en garde \u00e0 vue \u00e0 la disposition de l\u2019enqu\u00eate pr\u00e9liminaire men\u00e9e sous la supervision du parquet comp\u00e9tent pour d\u00e9terminer les mobiles de ce crime.<\/p>\n<\/div>\n<p>Auteur: Meriem IGASS<br \/>\n<a href=\"http:\/\/www.mapmarrakech.ma\/fr\/reconstitution-du-meurtre-avec-mutilation-du-cadavre\/\">Cliquez ici pour lire l&rsquo;article depuis sa source.<\/a><\/p>\n","protected":false},"excerpt":{"rendered":"<p>Marrakech \u2013 La reconstitution de l\u2019homicide volontaire avec s\u00e9questration et mutilation du cadavre de la victime, survenu r\u00e9cemment \u00e0 Marrakech, a eu lieu, lundi, en pr\u00e9sence des repr\u00e9sentants de diff\u00e9rents services s\u00e9curitaires et judiciaires et de supports m\u00e9diatiques. La reconstitution de la sc\u00e8ne du crime a \u00e9t\u00e9 supervis\u00e9e par le substitut du procureur g\u00e9n\u00e9ral du [&hellip;]<\/p>\n","protected":false},"author":1788,"featured_media":91463,"comment_status":"closed","ping_status":"closed","sticky":false,"template":"","format":"standard","meta":{"fifu_image_url":"","fifu_image_alt":"","footnotes":""},"categories":[54,76],"tags":[],"class_list":["post-91462","post","type-post","status-publish","format-standard","has-post-thumbnail","hentry","category-maroc","category-regions"],"_links":{"self":[{"href":"https:\/\/linitiative.ca\/International\/wp-json\/wp\/v2\/posts\/91462","targetHints":{"allow":["GET"]}}],"collection":[{"href":"https:\/\/linitiative.ca\/International\/wp-json\/wp\/v2\/posts"}],"about":[{"href":"https:\/\/linitiative.ca\/International\/wp-json\/wp\/v2\/types\/post"}],"author":[{"embeddable":true,"href":"https:\/\/linitiative.ca\/International\/wp-json\/wp\/v2\/users\/1788"}],"replies":[{"embeddable":true,"href":"https:\/\/linitiative.ca\/International\/wp-json\/wp\/v2\/comments?post=91462"}],"version-history":[{"count":0,"href":"https:\/\/linitiative.ca\/International\/wp-json\/wp\/v2\/posts\/91462\/revisions"}],"wp:featuredmedia":[{"embeddable":true,"href":"https:\/\/linitiative.ca\/International\/wp-json\/"}],"wp:attachment":[{"href":"https:\/\/linitiative.ca\/International\/wp-json\/wp\/v2\/media?parent=91462"}],"wp:term":[{"taxonomy":"category","embeddable":true,"href":"https:\/\/linitiative.ca\/International\/wp-json\/wp\/v2\/categories?post=91462"},{"taxonomy":"post_tag","embeddable":true,"href":"https:\/\/linitiative.ca\/International\/wp-json\/wp\/v2\/tags?post=91462"}],"curies":[{"name":"wp","href":"https:\/\/api.w.org\/{rel}","templated":true}]}}