{"id":91464,"date":"2020-07-06T18:45:28","date_gmt":"2020-07-06T22:45:28","guid":{"rendered":"https:\/\/linitiative.ca\/International\/des-ecrans-geants-pour-sensibiliser-a-la-prevention-contre-la-covid-19\/"},"modified":"2020-07-06T18:45:28","modified_gmt":"2020-07-06T22:45:28","slug":"des-ecrans-geants-pour-sensibiliser-a-la-prevention-contre-la-covid-19","status":"publish","type":"post","link":"https:\/\/linitiative.ca\/International\/des-ecrans-geants-pour-sensibiliser-a-la-prevention-contre-la-covid-19\/","title":{"rendered":"Des \u00e9crans g\u00e9ants pour sensibiliser \u00e0 la pr\u00e9vention contre la Covid-19"},"content":{"rendered":"<div readability=\"35\">\n<p>Essaouira \u2013 Des \u00e9crans g\u00e9ants ont \u00e9t\u00e9 install\u00e9s au niveau de plusieurs sites et espaces publics de la ville d\u2019Essaouira dans le cadre d\u2019un programme de sensibilisation ax\u00e9 sur le volet de la pr\u00e9vention pour la lutte contre la propagation de la pand\u00e9mie du nouveau coronavirus (Covid-19).<\/p>\n<\/div>\n<div readability=\"83\">\n<p>Cette op\u00e9ration, qui s\u2019inscrit dans le cadre de la contribution de la pr\u00e9fecture de la province d\u2019Essaouira \u00e0 la lutte contre cette pand\u00e9mie, est initi\u00e9e en partenariat avec l\u2019Initiative Nationale pour le D\u00e9veloppement Humain (INDH) et une soci\u00e9t\u00e9 locale sp\u00e9cialis\u00e9e en \u00e9v\u00e9nementiel.<\/p>\n<p>Ainsi, sur ces \u00e9crans g\u00e9ants install\u00e9s dans quatre sites et places publiques \u00e0 Essaouira, sont diffus\u00e9s des capsules et des messages de sensibilisation sur les mesures de pr\u00e9caution et de pr\u00e9vention \u00e0 suivre pour \u00e9viter tout risque de contamination ou d\u2019infection par la pand\u00e9mie.<\/p>\n<p>Lanc\u00e9e le 3 juillet, cette initiative citoyenne, d\u2019une dur\u00e9e d\u2019une semaine, a suscit\u00e9 un large \u00e9cho favorable aupr\u00e8s des habitants et des visiteurs de la Cit\u00e9 des Aliz\u00e9s.<\/p>\n<p>Elle se veut, en outre, une occasion pour faire conna\u00eetre les \u00e9normes potentialit\u00e9s et les importants atouts touristiques et culturels dont regorge la ville d\u2019Essaouira, un haut lieu de rencontres et de m\u00e9tissage et un espace incontournable de d\u00e9tente et de vill\u00e9giature.<\/p>\n<p>Approch\u00e9s par la MAP, de nombreux habitants de la cit\u00e9 des Aliz\u00e9s ont salu\u00e9 cette d\u00e9marche qui vise \u00e0 sensibiliser la population locale et les visiteurs de la ville aux \u00e9normes risques li\u00e9s \u00e0 la Covid-19 et \u00e0 renforcer leur prise de conscience quant \u00e0 l\u2019obligation du respect strict des dispositifs de pr\u00e9caution et des mesures pr\u00e9ventives sanitaires, adopt\u00e9es par les autorit\u00e9s comp\u00e9tentes pour endiguer la propagation de cette pand\u00e9mie.<\/p>\n<p>Ils ont, par ailleurs, lou\u00e9 les efforts d\u00e9ploy\u00e9s par les autorit\u00e9s locales et les diff\u00e9rents services, tous corps confondus, pour la lutte contre le nouveau coronavirus, ainsi que la conduite exemplaire des habitants qui se sont conform\u00e9s \u00e0 la lettre aux mesures du confinement sanitaire, ce qui a permis \u00e0 la province d\u2019Essaouira de n\u2019enregistrer depuis le d\u00e9clenchement de la pand\u00e9mie que 5 cas seulement (quatre r\u00e9missions et un d\u00e9c\u00e8s).<\/p>\n<p>Tout en se f\u00e9licitant du retour petit \u00e0 petit au cours de la vie \u00ab\u00a0quasi normale\u00a0\u00bb dans la ville, ils ont insist\u00e9 sur la n\u00e9cessit\u00e9 de faire montre, en cette p\u00e9riode transitoire, de davantage de vigilance et de prudence pour surmonter ensemble cette \u00e9preuve et \u00e9viter tout risque de r\u00e9apparition du nouveau coronavirus, qui a eu des effets d\u00e9vastateurs \u00e0 travers le monde.<\/p>\n<\/div>\n<p>Auteur: Meriem IGASS<br \/>\n<a href=\"http:\/\/www.mapmarrakech.ma\/fr\/des-ecrans-geants-pour-sensibiliser-a-la-prevention-contre-la-covid-19\/\">Cliquez ici pour lire l&rsquo;article depuis sa source.<\/a><\/p>\n","protected":false},"excerpt":{"rendered":"<p>Essaouira \u2013 Des \u00e9crans g\u00e9ants ont \u00e9t\u00e9 install\u00e9s au niveau de plusieurs sites et espaces publics de la ville d\u2019Essaouira dans le cadre d\u2019un programme de sensibilisation ax\u00e9 sur le volet de la pr\u00e9vention pour la lutte contre la propagation de la pand\u00e9mie du nouveau coronavirus (Covid-19). Cette op\u00e9ration, qui s\u2019inscrit dans le cadre de [&hellip;]<\/p>\n","protected":false},"author":1788,"featured_media":0,"comment_status":"closed","ping_status":"closed","sticky":false,"template":"","format":"standard","meta":{"fifu_image_url":"","fifu_image_alt":"","footnotes":""},"categories":[54,76],"tags":[],"class_list":["post-91464","post","type-post","status-publish","format-standard","hentry","category-maroc","category-regions"],"_links":{"self":[{"href":"https:\/\/linitiative.ca\/International\/wp-json\/wp\/v2\/posts\/91464","targetHints":{"allow":["GET"]}}],"collection":[{"href":"https:\/\/linitiative.ca\/International\/wp-json\/wp\/v2\/posts"}],"about":[{"href":"https:\/\/linitiative.ca\/International\/wp-json\/wp\/v2\/types\/post"}],"author":[{"embeddable":true,"href":"https:\/\/linitiative.ca\/International\/wp-json\/wp\/v2\/users\/1788"}],"replies":[{"embeddable":true,"href":"https:\/\/linitiative.ca\/International\/wp-json\/wp\/v2\/comments?post=91464"}],"version-history":[{"count":0,"href":"https:\/\/linitiative.ca\/International\/wp-json\/wp\/v2\/posts\/91464\/revisions"}],"wp:attachment":[{"href":"https:\/\/linitiative.ca\/International\/wp-json\/wp\/v2\/media?parent=91464"}],"wp:term":[{"taxonomy":"category","embeddable":true,"href":"https:\/\/linitiative.ca\/International\/wp-json\/wp\/v2\/categories?post=91464"},{"taxonomy":"post_tag","embeddable":true,"href":"https:\/\/linitiative.ca\/International\/wp-json\/wp\/v2\/tags?post=91464"}],"curies":[{"name":"wp","href":"https:\/\/api.w.org\/{rel}","templated":true}]}}