{"id":91465,"date":"2020-07-06T19:07:03","date_gmt":"2020-07-06T23:07:03","guid":{"rendered":"https:\/\/linitiative.ca\/International\/des-taximen-fortement-mobilises-contre-la-covid-19\/"},"modified":"2020-07-06T19:07:03","modified_gmt":"2020-07-06T23:07:03","slug":"des-taximen-fortement-mobilises-contre-la-covid-19","status":"publish","type":"post","link":"https:\/\/linitiative.ca\/International\/des-taximen-fortement-mobilises-contre-la-covid-19\/","title":{"rendered":"Des \u00ab\u00a0taximen\u00a0\u00bb fortement mobilis\u00e9s contre la Covid-19"},"content":{"rendered":"<div readability=\"35\">\n<p>Essaouira \u2013 Des chauffeurs de taxis de 2\u00e8me cat\u00e9gorie (petits taxis) \u00e0 Essaouira se sont fortement mobilis\u00e9s dans le cadre d\u2019une campagne ayant pour mot d\u2019ordre la sensibilisation des habitants et des visiteurs de la Cit\u00e9 des Aliz\u00e9s au respect rigoureux des mesures sanitaires et pr\u00e9ventives pour la lutte contre la propagation de la Covid-19.<\/p>\n<\/div>\n<div readability=\"122\">\n<p>Initi\u00e9e par l\u2019Association des \u0153uvres sociales des chauffeurs de taxis de 2\u00e8me cat\u00e9gorie dans la ville, en coordination avec l\u2019Association Essaouira-Mogador, cette action citoyenne et de conscientisation, lanc\u00e9e r\u00e9cemment, intervient dans le sillage de l\u2019\u00e9lan de mobilisation g\u00e9n\u00e9rale \u00e0 l\u2019\u00e9chelle locale et des efforts soutenus d\u00e9ploy\u00e9s par les diff\u00e9rentes composantes de la soci\u00e9t\u00e9 souirie pour se prot\u00e9ger de cette pand\u00e9mie.<\/p>\n<p>Ainsi, des affiches autocollantes ont \u00e9t\u00e9 appos\u00e9es sur les vitres des petits taxis bleus et blancs, qui sillonnent les rues et boulevards de la cit\u00e9, en vue de rappeler en permanence aux usagers, \u00e0 la population locale et aux visiteurs, en g\u00e9n\u00e9ral, l\u2019obligation de se conformer strictement aux mesures sanitaires et de pr\u00e9caution en vigueur, d\u00e9cr\u00e9t\u00e9es par les autorit\u00e9s comp\u00e9tentes.<\/p>\n<p>Ces affiches contiennent des directives et des consignes de pr\u00e9vention \u00e0 suivre pour \u00e9viter toute contamination ou infection par le nouveau coronavirus, telles que le port du masque de protection, le nettoyage r\u00e9gulier des mains par des solutions hydro-alcooliques, le respect de la distanciation physique et des mesures d\u2019hygi\u00e8ne, l\u2019\u00e9vitement des poign\u00e9es de main et l\u2019utilisation de mouchoirs en cas d\u2019\u00e9ternuement ou de toux.<\/p>\n<p>Elles comportent \u00e9galement le num\u00e9ro \u00e9conomique \u00ab\u00a0Allo Yakada\u00a0\u00bb (080-100-47-47), mis en place par le minist\u00e8re de la Sant\u00e9 et destin\u00e9 principalement \u00e0 fournir les informations n\u00e9cessaires sur la Covid-19 et \u00e0 \u00e9clairer les citoyens sur cette pand\u00e9mie.<\/p>\n<p>Dans une d\u00e9claration \u00e0 la MAP, le pr\u00e9sident de l\u2019association des \u0153uvres sociales des chauffeurs de taxis de 2\u00e8me cat\u00e9gorie \u00e0 Essaouira, Brahim Fatih, a indiqu\u00e9 que cette action associative vise en premier lieu \u00e0 sensibiliser au respect des mesures barri\u00e8res et \u00e0 prot\u00e9ger la sant\u00e9 aussi bien des usagers des petits taxis que des conducteurs.<\/p>\n<p>Cette campagne, a-t-il dit, tend aussi \u00e0 renforcer la prise de conscience de la population locale et des visiteurs de la ville quant \u00e0 l\u2019importance cruciale de se conformer \u00e0 la lettre aux mesures sanitaires de pr\u00e9vention adopt\u00e9es par les autorit\u00e9s comp\u00e9tentes, en vue d\u2019\u00e9viter tout risque de r\u00e9apparition de la pand\u00e9mie.<\/p>\n<p>Il a, en outre, pr\u00e9cis\u00e9 que la pr\u00e9vention demeure \u00e0 l\u2019heure actuelle l\u2019unique moyen pour se prot\u00e9ger de ce virus, tout en exprimant la pleine adh\u00e9sion des chauffeurs des petits taxis \u00e0 Essaouira aux efforts d\u00e9ploy\u00e9s \u00e0 l\u2019\u00e9chelle locale pour surmonter cette conjoncture exceptionnelle.<\/p>\n<p>De son c\u00f4t\u00e9, le pr\u00e9sident du bureau ex\u00e9cutif de l\u2019Association Essaouira-Mogador, Tarik Otmani, a indiqu\u00e9, dans une d\u00e9claration similaire, que cette op\u00e9ration s\u2019inscrit dans le cadre des actions men\u00e9es au niveau de la cit\u00e9 des Aliz\u00e9s en vue de lutter contre tout risque de r\u00e9apparition du nouveau coronavirus et de retrouver en douceur le train de la vie normale apr\u00e8s des mois de confinement.<\/p>\n<p>Il a ajout\u00e9 que cette campagne de sensibilisation se veut \u00e9galement un apport suppl\u00e9mentaire aux efforts consentis par les autorit\u00e9s publiques \u00e0 l\u2019\u00e9chelle locale, tous corps confondus, afin d\u2019inciter les habitants de la ville d\u2019Essaouira et ses visiteurs \u00e0 se conformer scrupuleusement \u00e0 ces mesures barri\u00e8res pour se prot\u00e9ger eux-m\u00eames et pr\u00e9server la sant\u00e9 d\u2019autrui en cette conjoncture actuelle.<\/p>\n<p>Soulignant l\u2019importance du respect des directives \u00e9mises par les autorit\u00e9s sanitaires, il a appel\u00e9 l\u2019ensemble des Souiris \u00e0 faire preuve d\u2019une grande prudence et d\u2019une extr\u00eame vigilance durant cette p\u00e9riode post-confinement, le but ultime \u00e9tant, a-t-il conclu, de renouer avec le cours de la vie normale le plus rapidement possible.<\/p>\n<p>Cette action citoyenne louable n\u2019est pas pass\u00e9e inaper\u00e7ue: les usagers des petits taxis et les habitants de la ville ont, \u00e0 leur tour, salu\u00e9 cette action qui tend \u00e0 attirer l\u2019attention des gens sur l\u2019importance de la pr\u00e9vention afin de pr\u00e9server la s\u00e9curit\u00e9 sanitaire de toute la population et de se pr\u00e9munir contre cette pand\u00e9mie.<\/p>\n<\/div>\n<p>Auteur: Meriem IGASS<br \/>\n<a href=\"http:\/\/www.mapmarrakech.ma\/fr\/des-taximen-fortement-mobilises-contre-la-covid-19\/\">Cliquez ici pour lire l&rsquo;article depuis sa source.<\/a><\/p>\n","protected":false},"excerpt":{"rendered":"<p>Essaouira \u2013 Des chauffeurs de taxis de 2\u00e8me cat\u00e9gorie (petits taxis) \u00e0 Essaouira se sont fortement mobilis\u00e9s dans le cadre d\u2019une campagne ayant pour mot d\u2019ordre la sensibilisation des habitants et des visiteurs de la Cit\u00e9 des Aliz\u00e9s au respect rigoureux des mesures sanitaires et pr\u00e9ventives pour la lutte contre la propagation de la Covid-19. [&hellip;]<\/p>\n","protected":false},"author":1788,"featured_media":0,"comment_status":"closed","ping_status":"closed","sticky":false,"template":"","format":"standard","meta":{"fifu_image_url":"","fifu_image_alt":"","footnotes":""},"categories":[54,76],"tags":[],"class_list":["post-91465","post","type-post","status-publish","format-standard","hentry","category-maroc","category-regions"],"_links":{"self":[{"href":"https:\/\/linitiative.ca\/International\/wp-json\/wp\/v2\/posts\/91465","targetHints":{"allow":["GET"]}}],"collection":[{"href":"https:\/\/linitiative.ca\/International\/wp-json\/wp\/v2\/posts"}],"about":[{"href":"https:\/\/linitiative.ca\/International\/wp-json\/wp\/v2\/types\/post"}],"author":[{"embeddable":true,"href":"https:\/\/linitiative.ca\/International\/wp-json\/wp\/v2\/users\/1788"}],"replies":[{"embeddable":true,"href":"https:\/\/linitiative.ca\/International\/wp-json\/wp\/v2\/comments?post=91465"}],"version-history":[{"count":0,"href":"https:\/\/linitiative.ca\/International\/wp-json\/wp\/v2\/posts\/91465\/revisions"}],"wp:attachment":[{"href":"https:\/\/linitiative.ca\/International\/wp-json\/wp\/v2\/media?parent=91465"}],"wp:term":[{"taxonomy":"category","embeddable":true,"href":"https:\/\/linitiative.ca\/International\/wp-json\/wp\/v2\/categories?post=91465"},{"taxonomy":"post_tag","embeddable":true,"href":"https:\/\/linitiative.ca\/International\/wp-json\/wp\/v2\/tags?post=91465"}],"curies":[{"name":"wp","href":"https:\/\/api.w.org\/{rel}","templated":true}]}}