{"id":91466,"date":"2020-07-06T15:48:02","date_gmt":"2020-07-06T19:48:02","guid":{"rendered":"https:\/\/linitiative.ca\/International\/le-pps-listiqlal-et-le-pjd-ont-rehausse-le-niveau-de-la-solidarite\/"},"modified":"2020-07-06T15:48:02","modified_gmt":"2020-07-06T19:48:02","slug":"le-pps-listiqlal-et-le-pjd-ont-rehausse-le-niveau-de-la-solidarite","status":"publish","type":"post","link":"https:\/\/linitiative.ca\/International\/le-pps-listiqlal-et-le-pjd-ont-rehausse-le-niveau-de-la-solidarite\/","title":{"rendered":"Le PPS, l\u2019Istiqlal et le PJD ont rehauss\u00e9 le niveau de la solidarit\u00e9"},"content":{"rendered":"<p class=\"has-text-color has-vivid-red-color c2\"><strong>La Palestine au c\u0153ur d\u2019un webinaire \u00e0 Rabat<\/strong><\/p>\n<p class=\"has-text-color c3\"><strong>\u00abTous Unis contre le plan d\u2019annexion sioniste\u00bb<\/strong><\/p>\n<p class=\"has-background has-pale-cyan-blue-background-color\"><strong>L\u2019ensemble du peuple marocain est uni contre le plan d\u2019annexion sioniste de nouveaux territoires palestiniens est le th\u00e8me d\u2019un webinaire, organis\u00e9, samedi 4 juillet, \u00e0 l\u2019initiative du Groupe d\u2019action national pour le soutien \u00e0 la Palestine (GANSP) et de l\u2019Association marocaine de soutien \u00e0 la lutte palestinienne (AMSLP) et avec la participation des leaders des partis politiques, des organisations syndicales et des droits humains, et d\u2019autres organisations de la soci\u00e9t\u00e9 civile.<\/strong><\/p>\n<p>Cette initiative intervient apr\u00e8s la marche du 9 f\u00e9vrier dernier pour protester et condamner la soi-disant transaction du si\u00e8cle, annonc\u00e9e en janvier 2020 par l\u2019administration am\u00e9ricaine, a indiqu\u00e9 le mod\u00e9rateur de la manifestation Abdelakader Alami, coordonnateur du GANSP, selon lequel la cause palestinienne fait l\u2019unanimit\u00e9 de toutes les forces du pays, qui laissent de c\u00f4t\u00e9 leurs divergences quand il s\u2019agit de la Palestine, dont le sort est hiss\u00e9 au rang de cause nationale.<\/p>\n<p>La cause palestinienne est en effet une question nationale qui fait l\u2019unanimit\u00e9 de tous\u00a0: peuple, gouvernement et Sa Majest\u00e9 le Roi a soulign\u00e9 pour sa part le pr\u00e9sident de l\u2019AMSLP, Mohamed Benjelloun Andaloussi.<\/p>\n<p>Pour sa part, l\u2019ambassadeur de Palestine au Maroc Jamal Choubaki a r\u00e9it\u00e9r\u00e9 sa profonde gratitude et ses remerciements au peuple marocain et \u00e0 Sa Majest\u00e9 le Roi, pr\u00e9sident du Comit\u00e9 Al Qods pour la solidarit\u00e9 et l\u2019aide qu\u2019ils apportent au peuple palestinien dans sa lutte pour recouvrer ses droits inali\u00e9nables dont celui de cr\u00e9er son propre Etat ind\u00e9pendant.<\/p>\n<p>A l\u2019issue de cette manifestation, les participants ont adopt\u00e9 un appel, aux termes duquel ils condamnent et fustigent la d\u00e9cision isra\u00e9lienne d\u2019annexer de nouveaux territoires palestiniens en application du funeste plan de l\u2019actuelle administration am\u00e9ricain, dit \u00ab\u00a0transaction du si\u00e8cle\u00a0\u00bb. Ce plan US encourage en effet Isra\u00ebl et lui donne le feu vert de s\u2019accaparer quelque 30% de la Cisjordanie et de la vall\u00e9e du Jourdain et ce en violation du droit international.<\/p>\n<p>Cette annexion a pour but de p\u00e9renniser l\u2019occupation des territoires palestiniens et d\u2019enterrer d\u00e9finitivement l\u2019id\u00e9e de deux Etats, palestinien et isra\u00e9lien, vivant c\u00f4te \u00e0 c\u00f4te.<\/p>\n<p>Tout en demandant \u00e0 la communaut\u00e9 internationale d\u2019assumer sa responsabilit\u00e9, l\u2019appel de Rabat r\u00e9affirme le soutien du peuple marocain \u00e0 la lutte du peuple palestinien et l\u2019engagement des forces politiques, syndicales et de d\u00e9fense des droits humains envers la cause palestinienne, consid\u00e9r\u00e9e comme cause nationale marocaine.<\/p>\n<p>Mis \u00e0 part les d\u00e9fections de derni\u00e8re minute sur une vingtaine d\u2019interventions pr\u00e9vues, la rencontre a \u00e9t\u00e9 marqu\u00e9e par d\u2019importantes contributions hautement politiques et engag\u00e9es dont celles du Secr\u00e9taire g\u00e9n\u00e9ral du Parti du progr\u00e8s et du socialisme, Mohammed Nabil Benabdallah, du Secr\u00e9taire g\u00e9n\u00e9ral du Parti de l\u2019Istiqal, Nizar<\/p>\n<p>Baraka, et de Mohamed Yatim, au nom du Parti de la Justice et du d\u00e9veloppement, qui ont rehauss\u00e9 le niveau du webinaire .<\/p>\n<p>Dans son allocution, Benabdallah avait en effet indiqu\u00e9 qu\u2019 \u00e0 l\u2019instar des composantes et des acteurs du peuple marocain et en coordination avec les positions officielles que porte Sa Majest\u00e9 le Roi pour le soutien de la lutte du peuple palestinien, le Parti du Progr\u00e8s et du Socialisme rejette et condamne, dans les termes les plus vigoureux, le plan d\u2019annexion sioniste des territoires palestiniens.<\/p>\n<p>Pour Nizar Baraka, l\u2019annexion annonc\u00e9e par Isra\u00ebl de nouveaux territoires est ill\u00e9gale, pr\u00e9cisant que tout ce qui est injuste et acquis par la force est vou\u00e9 \u00e0 disparaitre.<\/p>\n<p>Dans son allocution au nom du PJD, Yatim a r\u00e9affirm\u00e9 la solidarit\u00e9 du Maroc avec le peuple palestinien et son soutien constant \u00e0 la juste cause palestinienne. Il a \u00e9galement condamn\u00e9 vigoureusement la d\u00e9cision sioniste d\u2019annexer de nouveaux territoires palestiniens.<\/p>\n<p class=\"c4\"><strong>M\u2019Barek Tafsi<\/strong><\/p>\n<p>Auteur: M&rsquo;hammed rahal<br \/>\n<a href=\"http:\/\/albayane.press.ma\/le-pps-listiqlal-et-le-pjd-ont-rehausse-le-niveau-de-la-solidarite.html\">Cliquez ici pour lire l&rsquo;article depuis sa source.<\/a><\/p>\n","protected":false},"excerpt":{"rendered":"<p>La Palestine au c\u0153ur d\u2019un webinaire \u00e0 Rabat \u00abTous Unis contre le plan d\u2019annexion sioniste\u00bb L\u2019ensemble du peuple marocain est uni contre le plan d\u2019annexion sioniste de nouveaux territoires palestiniens est le th\u00e8me d\u2019un webinaire, organis\u00e9, samedi 4 juillet, \u00e0 l\u2019initiative du Groupe d\u2019action national pour le soutien \u00e0 la Palestine (GANSP) et de l\u2019Association [&hellip;]<\/p>\n","protected":false},"author":1760,"featured_media":0,"comment_status":"closed","ping_status":"closed","sticky":false,"template":"","format":"standard","meta":{"fifu_image_url":"","fifu_image_alt":"","footnotes":""},"categories":[73,54],"tags":[],"class_list":["post-91466","post","type-post","status-publish","format-standard","hentry","category-actualite","category-maroc"],"_links":{"self":[{"href":"https:\/\/linitiative.ca\/International\/wp-json\/wp\/v2\/posts\/91466","targetHints":{"allow":["GET"]}}],"collection":[{"href":"https:\/\/linitiative.ca\/International\/wp-json\/wp\/v2\/posts"}],"about":[{"href":"https:\/\/linitiative.ca\/International\/wp-json\/wp\/v2\/types\/post"}],"author":[{"embeddable":true,"href":"https:\/\/linitiative.ca\/International\/wp-json\/wp\/v2\/users\/1760"}],"replies":[{"embeddable":true,"href":"https:\/\/linitiative.ca\/International\/wp-json\/wp\/v2\/comments?post=91466"}],"version-history":[{"count":0,"href":"https:\/\/linitiative.ca\/International\/wp-json\/wp\/v2\/posts\/91466\/revisions"}],"wp:attachment":[{"href":"https:\/\/linitiative.ca\/International\/wp-json\/wp\/v2\/media?parent=91466"}],"wp:term":[{"taxonomy":"category","embeddable":true,"href":"https:\/\/linitiative.ca\/International\/wp-json\/wp\/v2\/categories?post=91466"},{"taxonomy":"post_tag","embeddable":true,"href":"https:\/\/linitiative.ca\/International\/wp-json\/wp\/v2\/tags?post=91466"}],"curies":[{"name":"wp","href":"https:\/\/api.w.org\/{rel}","templated":true}]}}