{"id":91467,"date":"2020-07-06T20:08:37","date_gmt":"2020-07-07T00:08:37","guid":{"rendered":"https:\/\/linitiative.ca\/International\/reprise-de-la-peche-au-poulpe-dans-la-circonscription-maritime\/"},"modified":"2020-07-06T20:08:37","modified_gmt":"2020-07-07T00:08:37","slug":"reprise-de-la-peche-au-poulpe-dans-la-circonscription-maritime","status":"publish","type":"post","link":"https:\/\/linitiative.ca\/International\/reprise-de-la-peche-au-poulpe-dans-la-circonscription-maritime\/","title":{"rendered":"Reprise de la p\u00eache au poulpe dans la circonscription maritime"},"content":{"rendered":"<div readability=\"34\">\n<p>Essaouira \u2013 Le D\u00e9partement de la p\u00eache maritime vient d\u2019annoncer la reprise de l\u2019activit\u00e9 de la p\u00eache au poulpe dans la circonscription maritime d\u2019Essaouira au titre de la saison d\u2019\u00e9t\u00e9 2020.<\/p>\n<\/div>\n<div readability=\"82\">\n<p>Le total admissible de capture de poulpe autoris\u00e9, au cours de la p\u00e9riode allant du 5 juillet au 30 septembre prochain, au niveau de ladite circonscription maritime relevant de la zone situ\u00e9e au nord de Sidi El Ghazi (26\u00b0 24\u2019N), est fix\u00e9 \u00e0 500 tonnes, a fait savoir la m\u00eame source.<\/p>\n<p>Et de relever que le quota attribu\u00e9 \u00e0 la circonscription maritime peut \u00eatre r\u00e9vis\u00e9 en fonction de l\u2019\u00e9volution des indicateurs biologiques et d\u2019exploitation de cette p\u00eacherie.<\/p>\n<p>Dans ce sens, une commission locale est mise sur pied et regroupe, parmi ses membres, le D\u00e9l\u00e9gu\u00e9 des p\u00eaches maritimes, en sa qualit\u00e9 de pr\u00e9sident, deux personnes repr\u00e9sentant les segments artisanal et c\u00f4tier d\u00e9sign\u00e9es par la Chambre des p\u00eaches maritimes, un repr\u00e9sentant de l\u2019Office National des P\u00eaches et toute autre repr\u00e9sentation professionnelle que le D\u00e9l\u00e9gu\u00e9 des p\u00eaches maritimes jugera utile d\u2019associer \u00e0 cette commission au regard des particularit\u00e9s de l\u2019activit\u00e9 de p\u00eache au niveau de la circonscription maritime.<\/p>\n<p>Ladite commission se chargera de lisser l\u2019activit\u00e9 de p\u00eache pour \u00e9viter tout \u00e9puisement du quota de capture fix\u00e9 et ce, selon une cl\u00e9 \u00e9tablie sur la base des donn\u00e9es d\u2019exploitation et de l\u2019effort de p\u00eache au niveau de la circonscription maritime.<\/p>\n<p>Elle oeuvrera \u00e9galement \u00e0 r\u00e9partir le quota de poulpe mensuellement entre les segments artisanal et c\u00f4tier dans les sites et port de p\u00eache de la circonscription maritime, ainsi qu\u2019\u00e0 fixer et \u00e0 convenir des plafonds de capture de poulpe par mar\u00e9e et par type d\u2019unit\u00e9 (barque ou chalutier).<\/p>\n<p>Elle veillera aussi \u00e0 ne pas d\u00e9passer les quotas mensuels et ceux qui seront convenus ou arr\u00eat\u00e9s par mar\u00e9e pour chaque segment et \u00e0 contribuer au suivi des indicateurs biologiques de la ressource en signalant toute apparition de juv\u00e9niles et\/ou de femelles grain\u00e9es dans les captures, de m\u00eame qu\u2019elle se chargera de proposer \u00e0 l\u2019administration toute mesure visant la pr\u00e9servation de la ressource au niveau local.<\/p>\n<p>Par ailleurs, les conclusions et d\u00e9cisions de la commission devront \u00eatre mat\u00e9rialis\u00e9es par un proc\u00e8s-verbal qui sera communiqu\u00e9 \u00e0 la direction des p\u00eaches maritimes pour information ou suivi.<\/p>\n<p>Selon le minist\u00e8re de l\u2019Agriculture, de la P\u00eache maritime, du D\u00e9veloppement rural et des Eaux et For\u00eats, le total admissible des captures de poulpe autoris\u00e9 durant la saison d\u2019\u00e9t\u00e9 2020 pour les circonscriptions maritimes situ\u00e9es au nord de Sidi El Ghazi (26\u00b0 24\u2019N) est fix\u00e9 \u00e0 6.875 Tonnes, r\u00e9parti entre les zones atlantique (5.305 Tonnes) et m\u00e9diterran\u00e9enne (1.570 Tonnes).<\/p>\n<\/div>\n<p>Auteur: Meriem IGASS<br \/>\n<a href=\"http:\/\/www.mapmarrakech.ma\/fr\/reprise-de-la-peche-au-poulpe-dans-la-circonscription-maritime\/\">Cliquez ici pour lire l&rsquo;article depuis sa source.<\/a><\/p>\n","protected":false},"excerpt":{"rendered":"<p>Essaouira \u2013 Le D\u00e9partement de la p\u00eache maritime vient d\u2019annoncer la reprise de l\u2019activit\u00e9 de la p\u00eache au poulpe dans la circonscription maritime d\u2019Essaouira au titre de la saison d\u2019\u00e9t\u00e9 2020. Le total admissible de capture de poulpe autoris\u00e9, au cours de la p\u00e9riode allant du 5 juillet au 30 septembre prochain, au niveau de [&hellip;]<\/p>\n","protected":false},"author":1788,"featured_media":0,"comment_status":"closed","ping_status":"closed","sticky":false,"template":"","format":"standard","meta":{"fifu_image_url":"","fifu_image_alt":"","footnotes":""},"categories":[54,76],"tags":[],"class_list":["post-91467","post","type-post","status-publish","format-standard","hentry","category-maroc","category-regions"],"_links":{"self":[{"href":"https:\/\/linitiative.ca\/International\/wp-json\/wp\/v2\/posts\/91467","targetHints":{"allow":["GET"]}}],"collection":[{"href":"https:\/\/linitiative.ca\/International\/wp-json\/wp\/v2\/posts"}],"about":[{"href":"https:\/\/linitiative.ca\/International\/wp-json\/wp\/v2\/types\/post"}],"author":[{"embeddable":true,"href":"https:\/\/linitiative.ca\/International\/wp-json\/wp\/v2\/users\/1788"}],"replies":[{"embeddable":true,"href":"https:\/\/linitiative.ca\/International\/wp-json\/wp\/v2\/comments?post=91467"}],"version-history":[{"count":0,"href":"https:\/\/linitiative.ca\/International\/wp-json\/wp\/v2\/posts\/91467\/revisions"}],"wp:attachment":[{"href":"https:\/\/linitiative.ca\/International\/wp-json\/wp\/v2\/media?parent=91467"}],"wp:term":[{"taxonomy":"category","embeddable":true,"href":"https:\/\/linitiative.ca\/International\/wp-json\/wp\/v2\/categories?post=91467"},{"taxonomy":"post_tag","embeddable":true,"href":"https:\/\/linitiative.ca\/International\/wp-json\/wp\/v2\/tags?post=91467"}],"curies":[{"name":"wp","href":"https:\/\/api.w.org\/{rel}","templated":true}]}}