{"id":91468,"date":"2020-07-06T14:30:32","date_gmt":"2020-07-06T18:30:32","guid":{"rendered":"https:\/\/linitiative.ca\/International\/jemaa-el-fna-en-live-les-artistes-de-la-place-subjuguent-le-public-par-des-spectacles-virtuels\/"},"modified":"2020-07-06T14:30:32","modified_gmt":"2020-07-06T18:30:32","slug":"jemaa-el-fna-en-live-les-artistes-de-la-place-subjuguent-le-public-par-des-spectacles-virtuels","status":"publish","type":"post","link":"https:\/\/linitiative.ca\/International\/jemaa-el-fna-en-live-les-artistes-de-la-place-subjuguent-le-public-par-des-spectacles-virtuels\/","title":{"rendered":"\u00abJem\u00e2a El Fna en live\u00bb, les artistes de la place subjuguent le public par des spectacles virtuels"},"content":{"rendered":"<header>\n<div class=\"entry-post-meta\">\n<div class=\"author-link\">Publi\u00e9 par <a itemprop=\"author\" itemscope=\"\" itemtype=\"https:\/\/schema.org\/Person\" href=\"https:\/\/aujourdhui.ma\/author\/blio\" rel=\"author\"><span itemprop=\"name\">ALM<\/span><\/a><\/div>\n<p>Date\u00a0:<time content=\"2020-07-06T19:30:32+01:00\" class=\"entry-date updated\" datetime=\"2020-07-06T19:30:32+01:00\">juillet 06, 2020<\/time><\/p>\n<div class=\"entry-cat\">dans:<a href=\"https:\/\/aujourdhui.ma\/category\/culture\" rel=\"category tag\">Culture<\/a><\/div>\n<p>39Vues<\/p>\n<\/div>\n<\/header>\n<div class=\"entry-content clearfix\" readability=\"42\"><img decoding=\"async\" class=\"post_layout_5_img\" src=\"http:\/\/aujourdhui.ma\/wp-content\/uploads\/2020\/07\/Jem\u00e2a-El-Fna-en-live.jpg\" alt=\"&#xAB;Jem&#xE2;a El Fna en live&#xBB;, les artistes de la place subjuguent le public par des spectacles virtuels\"\/><\/p>\n<p><span class=\"c5\"><strong>Un ar\u00e9opage de conteurs de la place Jema\u00e2 Fna ont emport\u00e9 le public samedi<\/strong><\/span><span id=\"more-349779\"\/><\/p>\n<p>Dans un long voyage \u00e0 travers des spectacles virtuels dans le cadre de la manifestation artistique et culturelle \u00abJem\u00e2a El Fna en live\u00bb. Des artistes populaires c\u00e9l\u00e8bres au niveau local comme national, dont les conteurs Mohamed Bariz, Lmsieh (Abdelilah Amal), Mariam Amal (Ghiwane), Raiss Ibrahim Laaskri (Rwaiss) et Bana Abderrahim (Tkitikate) n\u2019ont pas l\u00e9sin\u00e9 sur les moyens en vue de mettre en avant leur talent confirm\u00e9, en r\u00e9ussissant \u00e0 attirer l\u2019attention d\u2019un public avide de renouer avec ces arts ancestraux.<\/p>\n<\/div>\n<p>Auteur: ALM<br \/>\n<a href=\"https:\/\/aujourdhui.ma\/culture\/jemaa-el-fna-en-live-les-artistes-de-la-place-subjuguent-le-public-par-des-spectacles-virtuels\">Cliquez ici pour lire l&rsquo;article depuis sa source.<\/a><\/p>\n","protected":false},"excerpt":{"rendered":"<p>Publi\u00e9 par ALM Date\u00a0:juillet 06, 2020 dans:Culture 39Vues Un ar\u00e9opage de conteurs de la place Jema\u00e2 Fna ont emport\u00e9 le public samedi Dans un long voyage \u00e0 travers des spectacles virtuels dans le cadre de la manifestation artistique et culturelle \u00abJem\u00e2a El Fna en live\u00bb. Des artistes populaires c\u00e9l\u00e8bres au niveau local comme national, dont [&hellip;]<\/p>\n","protected":false},"author":1759,"featured_media":91470,"comment_status":"closed","ping_status":"closed","sticky":false,"template":"","format":"standard","meta":{"fifu_image_url":"","fifu_image_alt":"","footnotes":""},"categories":[73,54],"tags":[],"class_list":["post-91468","post","type-post","status-publish","format-standard","has-post-thumbnail","hentry","category-actualite","category-maroc"],"_links":{"self":[{"href":"https:\/\/linitiative.ca\/International\/wp-json\/wp\/v2\/posts\/91468","targetHints":{"allow":["GET"]}}],"collection":[{"href":"https:\/\/linitiative.ca\/International\/wp-json\/wp\/v2\/posts"}],"about":[{"href":"https:\/\/linitiative.ca\/International\/wp-json\/wp\/v2\/types\/post"}],"author":[{"embeddable":true,"href":"https:\/\/linitiative.ca\/International\/wp-json\/wp\/v2\/users\/1759"}],"replies":[{"embeddable":true,"href":"https:\/\/linitiative.ca\/International\/wp-json\/wp\/v2\/comments?post=91468"}],"version-history":[{"count":0,"href":"https:\/\/linitiative.ca\/International\/wp-json\/wp\/v2\/posts\/91468\/revisions"}],"wp:featuredmedia":[{"embeddable":true,"href":"https:\/\/linitiative.ca\/International\/wp-json\/"}],"wp:attachment":[{"href":"https:\/\/linitiative.ca\/International\/wp-json\/wp\/v2\/media?parent=91468"}],"wp:term":[{"taxonomy":"category","embeddable":true,"href":"https:\/\/linitiative.ca\/International\/wp-json\/wp\/v2\/categories?post=91468"},{"taxonomy":"post_tag","embeddable":true,"href":"https:\/\/linitiative.ca\/International\/wp-json\/wp\/v2\/tags?post=91468"}],"curies":[{"name":"wp","href":"https:\/\/api.w.org\/{rel}","templated":true}]}}