{"id":91473,"date":"2020-07-06T12:02:00","date_gmt":"2020-07-06T16:02:00","guid":{"rendered":"https:\/\/linitiative.ca\/International\/sidi-bel-abbes-des-cheikhs-de-la-chanson-traditionnelle-revendiquent-leurs-indemnites\/"},"modified":"2020-07-06T12:02:00","modified_gmt":"2020-07-06T16:02:00","slug":"sidi-bel-abbes-des-cheikhs-de-la-chanson-traditionnelle-revendiquent-leurs-indemnites","status":"publish","type":"post","link":"https:\/\/linitiative.ca\/International\/sidi-bel-abbes-des-cheikhs-de-la-chanson-traditionnelle-revendiquent-leurs-indemnites\/","title":{"rendered":"SIDI BEL ABBES : Des cheikhs de la chanson traditionnelle revendiquent leurs indemnit\u00e9s"},"content":{"rendered":"<p><br id=\"sep_para_1\" class=\"sep_para access\"\/><\/p>\n<div id=\"para_1\" class=\"para_37759314 resize\">\n<div class=\"texte access firstletter\">A l&rsquo;issue de l&rsquo;arr\u00eat forc\u00e9 de leurs activit\u00e9s musicales, dues \u00e0 la pand\u00e9mie de Covid-19, des cheikhs de la wilaya\u00a0 de Sidi Bel Abb\u00e8s, connus dans le domaine de la chanson traditionnelle, jou\u00e9e \u00e0 la gasba, attendent d\u00e9sesp\u00e9r\u00e9ment et depuis longtemps, l\u2019octroi de leurs indemnit\u00e9s, apprend-on d&rsquo;une source concordante. \u00ab\u00a0Nous n&rsquo;avons jamais per\u00e7u ces aides financi\u00e8res, diront Cheikh Tahar et cheikh Saouli de Marhoum, \u00e0 l&rsquo;extr\u00eame sud de la wilaya de Sidi Bel Abb\u00e8s, et ce malgr\u00e9 toutes les promesses donn\u00e9es par les premiers responsables du secteur\u00a0\u00bb. D&rsquo;autres chanteurs de Ra\u00ef traditionnel rench\u00e9rissent :\u00a0\u00bb Nos responsables ont pourtant d\u00e9clar\u00e9 avoir d\u00e9sign\u00e9 des commissions de haut niveau, en vue d&rsquo;\u00e9tudier judicieusement les dossiers d\u00e9pos\u00e9s et de veiller \u00e0 l&rsquo;attribution de ces primes, au profit des artistes, toutes cat\u00e9gories confondues, affect\u00e9s par les effets douloureux de Covid-19.N\u00e9anmoins tous nos appels \u00e0 l&rsquo;aide, demeurent peine perdue\u00a0\u00bb\u00a0\u00a0\u00a0\u00a0\u00a0\u00a0\u00a0\u00a0\u00a0\u00a0\u00a0\u00a0\u00a0\u00a0\u00a0<\/div>\n<\/div>\n<p>Auteur: N.M<br \/>\n<a href=\"https:\/\/www.reflexiondz.net\/SIDI-BEL-ABBES-Des-cheikhs-de-la-chanson-traditionnelle-revendiquent-leurs-indemnites_a63810.html\">Cliquez ici pour lire l&rsquo;article depuis sa source.<\/a><\/p>\n","protected":false},"excerpt":{"rendered":"<p>A l&rsquo;issue de l&rsquo;arr\u00eat forc\u00e9 de leurs activit\u00e9s musicales, dues \u00e0 la pand\u00e9mie de Covid-19, des cheikhs de la wilaya\u00a0 de Sidi Bel Abb\u00e8s, connus dans le domaine de la chanson traditionnelle, jou\u00e9e \u00e0 la gasba, attendent d\u00e9sesp\u00e9r\u00e9ment et depuis longtemps, l\u2019octroi de leurs indemnit\u00e9s, apprend-on d&rsquo;une source concordante. \u00ab\u00a0Nous n&rsquo;avons jamais per\u00e7u ces aides [&hellip;]<\/p>\n","protected":false},"author":1740,"featured_media":0,"comment_status":"closed","ping_status":"closed","sticky":false,"template":"","format":"standard","meta":{"fifu_image_url":"","fifu_image_alt":"","footnotes":""},"categories":[53,76],"tags":[],"class_list":["post-91473","post","type-post","status-publish","format-standard","hentry","category-algerie","category-regions"],"_links":{"self":[{"href":"https:\/\/linitiative.ca\/International\/wp-json\/wp\/v2\/posts\/91473","targetHints":{"allow":["GET"]}}],"collection":[{"href":"https:\/\/linitiative.ca\/International\/wp-json\/wp\/v2\/posts"}],"about":[{"href":"https:\/\/linitiative.ca\/International\/wp-json\/wp\/v2\/types\/post"}],"author":[{"embeddable":true,"href":"https:\/\/linitiative.ca\/International\/wp-json\/wp\/v2\/users\/1740"}],"replies":[{"embeddable":true,"href":"https:\/\/linitiative.ca\/International\/wp-json\/wp\/v2\/comments?post=91473"}],"version-history":[{"count":0,"href":"https:\/\/linitiative.ca\/International\/wp-json\/wp\/v2\/posts\/91473\/revisions"}],"wp:attachment":[{"href":"https:\/\/linitiative.ca\/International\/wp-json\/wp\/v2\/media?parent=91473"}],"wp:term":[{"taxonomy":"category","embeddable":true,"href":"https:\/\/linitiative.ca\/International\/wp-json\/wp\/v2\/categories?post=91473"},{"taxonomy":"post_tag","embeddable":true,"href":"https:\/\/linitiative.ca\/International\/wp-json\/wp\/v2\/tags?post=91473"}],"curies":[{"name":"wp","href":"https:\/\/api.w.org\/{rel}","templated":true}]}}