{"id":91476,"date":"2020-07-06T16:00:29","date_gmt":"2020-07-06T20:00:29","guid":{"rendered":"https:\/\/linitiative.ca\/International\/les-classiques-du-cinema-espagnol-en-ligne\/"},"modified":"2020-07-06T16:00:29","modified_gmt":"2020-07-06T20:00:29","slug":"les-classiques-du-cinema-espagnol-en-ligne","status":"publish","type":"post","link":"https:\/\/linitiative.ca\/International\/les-classiques-du-cinema-espagnol-en-ligne\/","title":{"rendered":"\u00abLes classiques du cin\u00e9ma espagnol\u00bb  en ligne"},"content":{"rendered":"<header>\n<div class=\"entry-post-meta\">\n<div class=\"author-link\">Publi\u00e9 par <a itemprop=\"author\" itemscope=\"\" itemtype=\"https:\/\/schema.org\/Person\" href=\"https:\/\/aujourdhui.ma\/author\/blio\" rel=\"author\"><span itemprop=\"name\">ALM<\/span><\/a><\/div>\n<p>Date\u00a0:<time content=\"2020-07-06T21:00:29+01:00\" class=\"entry-date updated\" datetime=\"2020-07-06T21:00:29+01:00\">juillet 06, 2020<\/time><\/p>\n<div class=\"entry-cat\">dans:<a href=\"https:\/\/aujourdhui.ma\/category\/culture\" rel=\"category tag\">Culture<\/a><\/div>\n<p>16Vues<\/p>\n<\/div>\n<\/header>\n<div class=\"entry-content clearfix\" readability=\"45\"><img decoding=\"async\" class=\"post_layout_5_img\" src=\"http:\/\/aujourdhui.ma\/wp-content\/uploads\/2020\/07\/Les-classiques-du-cin\u00e9ma-espagnol.jpg\" alt=\"&#xAB;Les classiques du cin&#xE9;ma espagnol&#xBB; en ligne\"\/><\/p>\n<p><span class=\"c5\"><strong>Les Instituts Cervant\u00e8s au Maroc et l\u2019Acad\u00e9mie du cin\u00e9ma espagnol viennent de lancer la seconde partie du cycle du cin\u00e9ma en ligne \u00abCl\u00e1sicos contigo\u00bb (Les classiques du cin\u00e9ma espagnol)<\/strong><\/span><span id=\"more-349778\"\/><\/p>\n<p>Marqu\u00e9 par la projection durant ce mois de cinq films iconiques espagnols r\u00e9alis\u00e9s entre 1973 et 1997. Entre autres, il s\u2019agit des films \u00abLos santos inocentes\u00bb (Les saints innocents) (Mario Camus, 1984), \u00abEl sur\u00bb (Le sud) (V\u00edctor Erice, 1983), \u00abLa buena estrella\u00bb (La bonne \u00e9toile) (Ricardo Franco, 1997) et La vaquilla (La vachette) (Luis Garc\u00eda Berlanga, 1985). A regarder depuis la cha\u00eene Vimeo de l\u2019Institut.<\/p>\n<\/div>\n<p>Auteur: ALM<br \/>\n<a href=\"https:\/\/aujourdhui.ma\/culture\/les-classiques-du-cinema-espagnol-en-ligne\">Cliquez ici pour lire l&rsquo;article depuis sa source.<\/a><\/p>\n","protected":false},"excerpt":{"rendered":"<p>Publi\u00e9 par ALM Date\u00a0:juillet 06, 2020 dans:Culture 16Vues Les Instituts Cervant\u00e8s au Maroc et l\u2019Acad\u00e9mie du cin\u00e9ma espagnol viennent de lancer la seconde partie du cycle du cin\u00e9ma en ligne \u00abCl\u00e1sicos contigo\u00bb (Les classiques du cin\u00e9ma espagnol) Marqu\u00e9 par la projection durant ce mois de cinq films iconiques espagnols r\u00e9alis\u00e9s entre 1973 et 1997. Entre [&hellip;]<\/p>\n","protected":false},"author":1759,"featured_media":91481,"comment_status":"closed","ping_status":"closed","sticky":false,"template":"","format":"standard","meta":{"fifu_image_url":"","fifu_image_alt":"","footnotes":""},"categories":[73,54],"tags":[],"class_list":["post-91476","post","type-post","status-publish","format-standard","has-post-thumbnail","hentry","category-actualite","category-maroc"],"_links":{"self":[{"href":"https:\/\/linitiative.ca\/International\/wp-json\/wp\/v2\/posts\/91476","targetHints":{"allow":["GET"]}}],"collection":[{"href":"https:\/\/linitiative.ca\/International\/wp-json\/wp\/v2\/posts"}],"about":[{"href":"https:\/\/linitiative.ca\/International\/wp-json\/wp\/v2\/types\/post"}],"author":[{"embeddable":true,"href":"https:\/\/linitiative.ca\/International\/wp-json\/wp\/v2\/users\/1759"}],"replies":[{"embeddable":true,"href":"https:\/\/linitiative.ca\/International\/wp-json\/wp\/v2\/comments?post=91476"}],"version-history":[{"count":0,"href":"https:\/\/linitiative.ca\/International\/wp-json\/wp\/v2\/posts\/91476\/revisions"}],"wp:featuredmedia":[{"embeddable":true,"href":"https:\/\/linitiative.ca\/International\/wp-json\/"}],"wp:attachment":[{"href":"https:\/\/linitiative.ca\/International\/wp-json\/wp\/v2\/media?parent=91476"}],"wp:term":[{"taxonomy":"category","embeddable":true,"href":"https:\/\/linitiative.ca\/International\/wp-json\/wp\/v2\/categories?post=91476"},{"taxonomy":"post_tag","embeddable":true,"href":"https:\/\/linitiative.ca\/International\/wp-json\/wp\/v2\/tags?post=91476"}],"curies":[{"name":"wp","href":"https:\/\/api.w.org\/{rel}","templated":true}]}}