{"id":91477,"date":"2020-07-06T19:00:00","date_gmt":"2020-07-06T23:00:00","guid":{"rendered":"https:\/\/linitiative.ca\/International\/58e-anniversaire-de-lindependance-said-chanegriha-preside-une-ceremonie\/"},"modified":"2020-07-06T19:00:00","modified_gmt":"2020-07-06T23:00:00","slug":"58e-anniversaire-de-lindependance-said-chanegriha-preside-une-ceremonie","status":"publish","type":"post","link":"https:\/\/linitiative.ca\/International\/58e-anniversaire-de-lindependance-said-chanegriha-preside-une-ceremonie\/","title":{"rendered":"58e anniversaire de l\u2019ind\u00e9pendance : Sa\u00efd Chanegriha pr\u00e9side une c\u00e9r\u00e9monie"},"content":{"rendered":"<p>\u00abEn hommage \u00e0 nos vaillants martyrs, qui se sont sacrifi\u00e9s pour que les enfants de notre ch\u00e8re patrie puissent vivre dignement dans une Alg\u00e9rie libre et souveraine, et \u00e0 l\u2019occasion des festivit\u00e9s comm\u00e9morant le 58e anniversaire de la f\u00eate de l\u2019Ind\u00e9pendance et du recouvrement de la souverainet\u00e9 nationale, le g\u00e9n\u00e9ral de corps d&rsquo;Arm\u00e9e, Sa\u00efd Chanegriha, chef d&rsquo;\u00e9tat-major de l&rsquo;ANP, a pr\u00e9sid\u00e9, au nom de monsieur le Pr\u00e9sident de la R\u00e9publique, Chef supr\u00eame des Forces arm\u00e9es, ministre de la D\u00e9fense nationale, la soir\u00e9e de ce dimanche 5 juillet 2020, au Cercle national de l&rsquo;Arm\u00e9e \u00e0 B\u00e9ni-Messous, une c\u00e9r\u00e9monie d\u2019\u00e9change de v\u0153ux en l\u2019honneur de hauts cadres de l\u2019ANP, en activit\u00e9 ou \u00e0 la retraite et de hauts responsables de l\u2019Etat\u00bb, a pr\u00e9cis\u00e9 le minist\u00e8re de la D\u00e9fense nationale.<\/p>\n<p>Ont pris part \u00e0 cette c\u00e9r\u00e9monie, qui s\u2019inscrit \u00abdans le cadre des grandes traditions de l\u2019ANP, visant \u00e0 valoriser les dates phares de notre glorieuse histoire\u00bb, le pr\u00e9sident du Conseil de la nation par int\u00e9rim, Salah Goudjil, le pr\u00e9sident de l&rsquo;Assembl\u00e9e populaire nationale (APN), Slimane Chenine, le pr\u00e9sident du Conseil constitutionnel, Kamel Fenniche, et le Premier ministre, Abdelaziz Djerad. Etaient \u00e9galement pr\u00e9sents \u00e0 cette c\u00e9r\u00e9monie, le ministre des Affaires \u00e9trang\u00e8res, Sabri Boukadoum, le ministre de l&rsquo;Int\u00e9rieur, des Collectivit\u00e9s locales et de l&rsquo;Am\u00e9nagement du territoire, Kamel Beldjoud, le ministre des Moudjahidine et des Ayants droit, Tayeb Zitouni, le ministre de la Communication, porte-parole du gouvernement, Ammar Belhimer, ainsi que des membres du gouvernement, des personnalit\u00e9s nationales et moudjahidine. Une exposition photographique a \u00e9t\u00e9 organis\u00e9e \u00e0 cette occasion, retra\u00e7ant les diff\u00e9rentes \u00e9tapes de la r\u00e9sistance populaire et de la glorieuse R\u00e9volution d\u00e8s son d\u00e9clenchement le 1er Novembre 1954 jusqu&rsquo;au recouvrement de la souverainet\u00e9 nationale le 5 Juillet 1962. La soir\u00e9e a \u00e9t\u00e9 \u00e9galement marqu\u00e9e par une projection vid\u00e9o consacr\u00e9e au rapatriement des restes mortuaires de 24 r\u00e9sistants alg\u00e9riens, et un film documentaire en hommage \u00e0 l\u2019Arm\u00e9e nationale populaire, ainsi qu\u2019un spectacle pyrotechnique pour comm\u00e9morer l&rsquo;\u00e9v\u00e9nement.\u00a0<\/p>\n<p>Auteur: elmoudjahid<br \/>\n<a href=\"http:\/\/www.elmoudjahid.com\/fr\/actualites\/156002\">Cliquez ici pour lire l&rsquo;article depuis sa source.<\/a><\/p>\n","protected":false},"excerpt":{"rendered":"<p>\u00abEn hommage \u00e0 nos vaillants martyrs, qui se sont sacrifi\u00e9s pour que les enfants de notre ch\u00e8re patrie puissent vivre dignement dans une Alg\u00e9rie libre et souveraine, et \u00e0 l\u2019occasion des festivit\u00e9s comm\u00e9morant le 58e anniversaire de la f\u00eate de l\u2019Ind\u00e9pendance et du recouvrement de la souverainet\u00e9 nationale, le g\u00e9n\u00e9ral de corps d&rsquo;Arm\u00e9e, Sa\u00efd Chanegriha, [&hellip;]<\/p>\n","protected":false},"author":1744,"featured_media":0,"comment_status":"closed","ping_status":"closed","sticky":false,"template":"","format":"standard","meta":{"fifu_image_url":"","fifu_image_alt":"","footnotes":""},"categories":[73,53],"tags":[],"class_list":["post-91477","post","type-post","status-publish","format-standard","hentry","category-actualite","category-algerie"],"_links":{"self":[{"href":"https:\/\/linitiative.ca\/International\/wp-json\/wp\/v2\/posts\/91477","targetHints":{"allow":["GET"]}}],"collection":[{"href":"https:\/\/linitiative.ca\/International\/wp-json\/wp\/v2\/posts"}],"about":[{"href":"https:\/\/linitiative.ca\/International\/wp-json\/wp\/v2\/types\/post"}],"author":[{"embeddable":true,"href":"https:\/\/linitiative.ca\/International\/wp-json\/wp\/v2\/users\/1744"}],"replies":[{"embeddable":true,"href":"https:\/\/linitiative.ca\/International\/wp-json\/wp\/v2\/comments?post=91477"}],"version-history":[{"count":0,"href":"https:\/\/linitiative.ca\/International\/wp-json\/wp\/v2\/posts\/91477\/revisions"}],"wp:attachment":[{"href":"https:\/\/linitiative.ca\/International\/wp-json\/wp\/v2\/media?parent=91477"}],"wp:term":[{"taxonomy":"category","embeddable":true,"href":"https:\/\/linitiative.ca\/International\/wp-json\/wp\/v2\/categories?post=91477"},{"taxonomy":"post_tag","embeddable":true,"href":"https:\/\/linitiative.ca\/International\/wp-json\/wp\/v2\/tags?post=91477"}],"curies":[{"name":"wp","href":"https:\/\/api.w.org\/{rel}","templated":true}]}}