{"id":91484,"date":"2020-07-06T17:18:09","date_gmt":"2020-07-06T21:18:09","guid":{"rendered":"https:\/\/linitiative.ca\/International\/une-premiere-la-formation-de-pilotes-de-ligne-relevera-desormais-de-larmee-de-lair-et-plus-de-la-ram\/"},"modified":"2020-07-06T17:18:09","modified_gmt":"2020-07-06T21:18:09","slug":"une-premiere-la-formation-de-pilotes-de-ligne-relevera-desormais-de-larmee-de-lair-et-plus-de-la-ram","status":"publish","type":"post","link":"https:\/\/linitiative.ca\/International\/une-premiere-la-formation-de-pilotes-de-ligne-relevera-desormais-de-larmee-de-lair-et-plus-de-la-ram\/","title":{"rendered":"Une premi\u00e8re \u2013 La formation de pilotes de ligne rel\u00e8vera d\u00e9sormais de l\u2019arm\u00e9e de l\u2019air et plus de la RAM"},"content":{"rendered":"<header>\n<div class=\"entry-post-meta\">\n<div class=\"author-link\">Publi\u00e9 par <a itemprop=\"author\" itemscope=\"\" itemtype=\"https:\/\/schema.org\/Person\" href=\"https:\/\/aujourdhui.ma\/author\/blio\" rel=\"author\"><span itemprop=\"name\">ALM<\/span><\/a><\/div>\n<p>Date\u00a0:<time content=\"2020-07-06T22:18:09+01:00\" class=\"entry-date updated\" datetime=\"2020-07-06T22:18:09+01:00\">juillet 06, 2020<\/time><\/p>\n<div class=\"entry-cat\">dans:<a href=\"https:\/\/aujourdhui.ma\/category\/emploi\" rel=\"category tag\">Emploi<\/a>, <a href=\"https:\/\/aujourdhui.ma\/category\/une\" rel=\"category tag\">Une<\/a><\/div>\n<p>1051Vues<\/p>\n<\/div>\n<\/header>\n<div class=\"entry-content clearfix\" readability=\"41\"><img decoding=\"async\" class=\"post_layout_5_img\" src=\"http:\/\/aujourdhui.ma\/wp-content\/uploads\/2020\/07\/Une-premi\u00e8re-La-formation-de-pilotes-de-ligne-rel\u00e8vera-d\u00e9sormais-de-l\u2019arm\u00e9e-de-l\u2019air-et-plus-de-la-RAM.jpg\" alt=\"Une premi&#xE8;re &#x2013; La formation de pilotes de ligne rel&#xE8;vera d&#xE9;sormais de l&#x2019;arm&#xE9;e de l&#x2019;air et plus de la RAM\"\/><\/p>\n<p><span class=\"c5\"><strong>Le conseil des ministres qui s\u2019est tenu aujourd\u2019hui a approuv\u00e9 un projet de d\u00e9cret qui confie d\u00e9sormais aux forces royales air la formation de pilotes de lignes qui relevait jusque-l\u00e0 de la RAM avec une forte implication voire m\u00eame un droit de regard des pilotes de la RAM.<\/strong><\/span><span id=\"more-349808\"\/><\/p>\n<p>Le projet de d\u00e9cret porte sur la r\u00e9organisation de l\u2019\u00c9cole Royale de l\u2019Air et a pour objet de permettre aux compagnies nationales de transport a\u00e9rien de b\u00e9n\u00e9ficier de l\u2019expertise des Forces Arm\u00e9es Royales en mati\u00e8re de formation a\u00e9ronautique, en permettant aux \u00c9coles Royales de l\u2019Air de former les pilotes de ligne des compagnies nationales, et ce dans un cadre contractuel entre l\u2019Administration de la D\u00e9fense nationale et les compagnies nationales de transport a\u00e9rien.<\/p>\n<\/div>\n<p>Auteur: ALM<br \/>\n<a href=\"https:\/\/aujourdhui.ma\/emploi\/une-premiere-la-formation-de-pilotes-de-ligne-relevera-desormais-de-larmee-de-lair-et-plus-de-la-ram\">Cliquez ici pour lire l&rsquo;article depuis sa source.<\/a><\/p>\n","protected":false},"excerpt":{"rendered":"<p>Publi\u00e9 par ALM Date\u00a0:juillet 06, 2020 dans:Emploi, Une 1051Vues Le conseil des ministres qui s\u2019est tenu aujourd\u2019hui a approuv\u00e9 un projet de d\u00e9cret qui confie d\u00e9sormais aux forces royales air la formation de pilotes de lignes qui relevait jusque-l\u00e0 de la RAM avec une forte implication voire m\u00eame un droit de regard des pilotes de [&hellip;]<\/p>\n","protected":false},"author":1759,"featured_media":91487,"comment_status":"closed","ping_status":"closed","sticky":false,"template":"","format":"standard","meta":{"fifu_image_url":"","fifu_image_alt":"","footnotes":""},"categories":[73,54],"tags":[],"class_list":["post-91484","post","type-post","status-publish","format-standard","has-post-thumbnail","hentry","category-actualite","category-maroc"],"_links":{"self":[{"href":"https:\/\/linitiative.ca\/International\/wp-json\/wp\/v2\/posts\/91484","targetHints":{"allow":["GET"]}}],"collection":[{"href":"https:\/\/linitiative.ca\/International\/wp-json\/wp\/v2\/posts"}],"about":[{"href":"https:\/\/linitiative.ca\/International\/wp-json\/wp\/v2\/types\/post"}],"author":[{"embeddable":true,"href":"https:\/\/linitiative.ca\/International\/wp-json\/wp\/v2\/users\/1759"}],"replies":[{"embeddable":true,"href":"https:\/\/linitiative.ca\/International\/wp-json\/wp\/v2\/comments?post=91484"}],"version-history":[{"count":0,"href":"https:\/\/linitiative.ca\/International\/wp-json\/wp\/v2\/posts\/91484\/revisions"}],"wp:featuredmedia":[{"embeddable":true,"href":"https:\/\/linitiative.ca\/International\/wp-json\/"}],"wp:attachment":[{"href":"https:\/\/linitiative.ca\/International\/wp-json\/wp\/v2\/media?parent=91484"}],"wp:term":[{"taxonomy":"category","embeddable":true,"href":"https:\/\/linitiative.ca\/International\/wp-json\/wp\/v2\/categories?post=91484"},{"taxonomy":"post_tag","embeddable":true,"href":"https:\/\/linitiative.ca\/International\/wp-json\/wp\/v2\/tags?post=91484"}],"curies":[{"name":"wp","href":"https:\/\/api.w.org\/{rel}","templated":true}]}}