{"id":91485,"date":"2020-07-06T19:00:00","date_gmt":"2020-07-06T23:00:00","guid":{"rendered":"https:\/\/linitiative.ca\/International\/eclairage-mission-accomplie\/"},"modified":"2020-07-06T19:00:00","modified_gmt":"2020-07-06T23:00:00","slug":"eclairage-mission-accomplie","status":"publish","type":"post","link":"https:\/\/linitiative.ca\/International\/eclairage-mission-accomplie\/","title":{"rendered":"ECLAIRAGE : Mission accomplie !"},"content":{"rendered":"<p>Ils reposent d\u00e9sormais en paix dans la terre de leurs anc\u00eatres, au Carr\u00e9 des Martyrs d&rsquo;El Alia. Mission accomplie. Cela \u00e9tant, l\u2019\u00e9v\u00e8nement historique v\u00e9cu en ce 5 juillet 2020, de toutes les esp\u00e9rances, aura lev\u00e9 le voile sur la nature bestiale d\u2019un r\u00e9gime colonial avec ses m\u00e9thodes g\u00e9nocidaires, couramment utilis\u00e9es par les militaires fran\u00e7ais, codifi\u00e9es sous la troisi\u00e8me R\u00e9publique pour les besoins d\u2019une conqu\u00eate par le fer et par le feu, puis \u00e9tendues aux nouveaux territoires de l\u2019Empire : Indochine, Nouvelle-Cal\u00e9donie, Afrique occidentale.<\/p>\n<p>Tout compte fait, la \u00ab pacification \u00bb meurtri\u00e8re de l\u2019Alg\u00e9rie a constitu\u00e9 pour les colonisateurs un vaste laboratoire au sein duquel les notions de races inf\u00e9rieures, de vies sans valeur, d\u2019espace vital, \u00e9taient monnaie courante. La parenth\u00e8se \u00e9tant referm\u00e9e, le rapatriement des restes mortuaires de nos 24 Martyrs constitue une des principales revendications du gouvernement et des Alg\u00e9riens sur la question de l\u2019appropriation de notre m\u00e9moire commune.<\/p>\n<p>Elle vient d\u2019\u00eatre concr\u00e9tis\u00e9e et en appelle d\u2019autres, car des dossiers importants et toujours pendants doivent \u00eatre trait\u00e9s et des r\u00e9ponses doivent \u00eatre donn\u00e9es par la partie fran\u00e7aise. L\u2019Alg\u00e9rie ne renoncera pas, par exemple, \u00e0 sa demande de restitution de ses archives d\u00e9tenues par la France. La g\u00e9n\u00e9ration actuelle et celles qui lui succ\u00e9deront demeureront attach\u00e9es \u00e0 la demande de restitution de toutes les archives nationales se rapportant \u00e0 plusieurs p\u00e9riodes de notre histoire. Or, jusqu\u2019\u00e0 preuve du contraire, on ne per\u00e7oit pas pour l\u2019instant, chez le gouvernement fran\u00e7ais, une r\u00e9elle volont\u00e9 de clore ce dossier d\u00e9finitivement. On rappelle que toutes les lois et l\u00e9gislations internationales stipulaient avec clart\u00e9 que les archives appartiennent au territoire dans lequel elles ont \u00e9t\u00e9 produites. Pourquoi tant de d\u00e9robades ? Il y a des signes qui ne trompent pas.<\/p>\n<p>Au-del\u00e0 de l\u2019\u00e9motion largement perceptible sur tous les visages, du bonheur indicible de voir ces martyrs enfin ensevelis avec dignit\u00e9, parmi leurs fr\u00e8res de combat, m\u00eame si cet \u00e9v\u00e9nement hautement symbolique a raviv\u00e9 des blessures non cicatris\u00e9es, preuve est faite que l\u2019Alg\u00e9rie, dans toute sa diversit\u00e9, s\u2019est montr\u00e9e reconnaissante envers ses valeureux fils tomb\u00e9s au champ d\u2019honneur. Les Alg\u00e9riens se r\u00e9concilient ainsi avec leur histoire mill\u00e9naire, affichant un int\u00e9r\u00eat accru \u00e0 l\u2019\u00e9gard des glorieuses \u00e9pop\u00e9es.<\/p>\n<p>Depuis l\u2019av\u00e8nement du Hirak, l\u2019histoire a repris ses droits. La m\u00e9moire collective que l\u2019on croyait assoupie se r\u00e9approprie, dans sa f\u00e9conde pluralit\u00e9, des espaces de plus en plus consistants. Il y avait un \u00e9norme sentiment de satisfaction \u00e0 voir les longues processions de citoyens venus de partout pour rendre un ultime et vibrant hommage \u00e0 ces h\u00e9ros. Pour leur part, les efforts du minist\u00e8re des Moudjahidine sont concentr\u00e9s sur la collecte de la mati\u00e8re historique, notamment les documents d\u2019archives, les t\u00e9moignages vivants et les objets mus\u00e9aux, des mat\u00e9riaux bruts qui permettent aux chercheurs d\u2019en tirer scientifiquement profit pour l&rsquo;\u00e9criture de l&rsquo;histoire. Le minist\u00e8re veille \u00e9galement \u00e0 encourager et \u00e0 valoriser la production des \u00e9tudes et des travaux de sp\u00e9cialistes par l\u2019\u00e9dition et la r\u00e9\u00e9dition ainsi que la traduction et la distribution.<\/p>\n<p>Des travaux qui sont mis \u00e0 la disposition du public, \u00e0 titre gracieux, \u00e0 l\u2019universit\u00e9, dans les maisons de la culture, les centres culturels et les biblioth\u00e8ques.\u00a0<\/p>\n<p>M. Bouraib<\/p>\n<p>Auteur: elmoudjahid<br \/>\n<a href=\"http:\/\/www.elmoudjahid.com\/fr\/actualites\/156003\">Cliquez ici pour lire l&rsquo;article depuis sa source.<\/a><\/p>\n","protected":false},"excerpt":{"rendered":"<p>Ils reposent d\u00e9sormais en paix dans la terre de leurs anc\u00eatres, au Carr\u00e9 des Martyrs d&rsquo;El Alia. Mission accomplie. Cela \u00e9tant, l\u2019\u00e9v\u00e8nement historique v\u00e9cu en ce 5 juillet 2020, de toutes les esp\u00e9rances, aura lev\u00e9 le voile sur la nature bestiale d\u2019un r\u00e9gime colonial avec ses m\u00e9thodes g\u00e9nocidaires, couramment utilis\u00e9es par les militaires fran\u00e7ais, codifi\u00e9es [&hellip;]<\/p>\n","protected":false},"author":1744,"featured_media":0,"comment_status":"closed","ping_status":"closed","sticky":false,"template":"","format":"standard","meta":{"fifu_image_url":"","fifu_image_alt":"","footnotes":""},"categories":[73,53],"tags":[],"class_list":["post-91485","post","type-post","status-publish","format-standard","hentry","category-actualite","category-algerie"],"_links":{"self":[{"href":"https:\/\/linitiative.ca\/International\/wp-json\/wp\/v2\/posts\/91485","targetHints":{"allow":["GET"]}}],"collection":[{"href":"https:\/\/linitiative.ca\/International\/wp-json\/wp\/v2\/posts"}],"about":[{"href":"https:\/\/linitiative.ca\/International\/wp-json\/wp\/v2\/types\/post"}],"author":[{"embeddable":true,"href":"https:\/\/linitiative.ca\/International\/wp-json\/wp\/v2\/users\/1744"}],"replies":[{"embeddable":true,"href":"https:\/\/linitiative.ca\/International\/wp-json\/wp\/v2\/comments?post=91485"}],"version-history":[{"count":0,"href":"https:\/\/linitiative.ca\/International\/wp-json\/wp\/v2\/posts\/91485\/revisions"}],"wp:attachment":[{"href":"https:\/\/linitiative.ca\/International\/wp-json\/wp\/v2\/media?parent=91485"}],"wp:term":[{"taxonomy":"category","embeddable":true,"href":"https:\/\/linitiative.ca\/International\/wp-json\/wp\/v2\/categories?post=91485"},{"taxonomy":"post_tag","embeddable":true,"href":"https:\/\/linitiative.ca\/International\/wp-json\/wp\/v2\/tags?post=91485"}],"curies":[{"name":"wp","href":"https:\/\/api.w.org\/{rel}","templated":true}]}}