{"id":91491,"date":"2020-07-06T17:08:07","date_gmt":"2020-07-06T21:08:07","guid":{"rendered":"https:\/\/linitiative.ca\/International\/lactivite-economique-baisserait-de-46\/"},"modified":"2020-07-06T17:08:07","modified_gmt":"2020-07-06T21:08:07","slug":"lactivite-economique-baisserait-de-46","status":"publish","type":"post","link":"https:\/\/linitiative.ca\/International\/lactivite-economique-baisserait-de-46\/","title":{"rendered":"L\u2019activit\u00e9 \u00e9conomique baisserait de 4,6%"},"content":{"rendered":"<p class=\"has-text-color has-vivid-red-color c2\"><strong>Au 3\u00e9me trimestre<\/strong><\/p>\n<p class=\"c3\"><strong>Par Fairouz El Mouden<\/strong><\/p>\n<p class=\"has-text-color c4\"><strong>Les nouvelles projections du deuxi\u00e8me et troisi\u00e8me trimestre du HCP tiennent compte cette fois-ci des effets de l\u2019assouplissement des mesures de confinement depuis le 10 juin dernier. L\u2019analyse de la conjoncture laisse pr\u00e9sager une contraction de l\u2019\u00e9conomie nationale de 13,8% au second trimestre\u00a0 attribu\u00e9e en grande partie \u00e0 la chute de 14,4% de la valeur ajout\u00e9e non agricole et de 6,1 de la valeur ajout\u00e9e. Le 3\u00e9me trimestre serait marqu\u00e9e par une att\u00e9nuation de la contraction des indicateurs de performance suite \u00e0 la reprise des activit\u00e9s \u00e9conomiques.<\/strong><\/p>\n<p>Les effets n\u00e9fastes du Covid-19 continuent de peser lourdement sur l\u2019activit\u00e9 \u00e9conomique partout dans le monde. L\u2019\u00e9conomie mondiale p\u00e2tie de tous les chocs \u00e0 savoir la contraction de la demande interne et externe, le recul de la croissance \u00e9conomique de pr\u00e8s de 15% et la baisse des cours mondiaux du p\u00e9trole, des mati\u00e8res premi\u00e8res et des min\u00e9raux\u2026\u00a0 Seul le taux d\u2019\u2019inflation serait rest\u00e9e contenue dans les pays avanc\u00e9s a +1,4% et +0,3% respectivement aux \u00c9tats-Unis et en zone euro.<\/p>\n<p>Au niveau national, le HCP rappelle le fl\u00e9chissement de la demande \u00e9trang\u00e8re adress\u00e9e au Maroc de 18% au second trimestre avec \u00e0 la fois une baisse des exportations de l\u2019ordre de 25,1% notamment celles des secteurs de l\u2019automobile, du textile et de l\u2019a\u00e9ronautique. La baisse des importations s\u2019\u00e9l\u00e8ve quant \u00e0 elles \u00e0 26,7%. N\u00e9anmoins, les importations des biens alimentaires ont augment\u00e9 avec les achats des c\u00e9r\u00e9ales, des aliments de b\u00e9tail et du sucre.<\/p>\n<p>La baisse des indicateurs de performance a entrain\u00e9 une baisse de 6,7% de la consommation des m\u00e9nages avec un maintien du m\u00eame rythme des d\u00e9penses alimentaires.\u00a0 Aussi en variation annuelle l\u2019investissement aurait fl\u00e9chi de 49,4% au deuxi\u00e8me trimestre contre -4,8% en 2019.<\/p>\n<p>L\u2019inflation aurait l\u00e9g\u00e8rement repris en 2020 indique le haut commissariat au Plan, se situant \u00e0 +0,9% au deuxi\u00e8me trimestre 2020, au lieu de +0,6% au cours de l\u2019ann\u00e9e 2019.<\/p>\n<p>Ainsi, l\u2019\u00e9conomie nationale aurait r\u00e9gress\u00e9 de 13,8% au deuxi\u00e8me trimestre 2020, au lieu de +0,1%, un trimestre plus t\u00f4t. Cela est attribu\u00e9 \u00e0 la contre-performance Le secteur tertiaire consid\u00e9r\u00e9 comme principal moteur de la croissance \u00e9conomique, qui a r\u00e9gress\u00e9 de 11,5% au deuxi\u00e8me trimestre 2020, au lieu de +1,6%, un trimestre auparavant. Au niveau de l\u2019agriculture on estime que la baisse de la valeur ajout\u00e9e agricole aurait atteint -6,1% au deuxi\u00e8me trimestre 2020, au lieu de -5% un trimestre auparavant.<\/p>\n<p><strong>Baisse mod\u00e9r\u00e9e au troisi\u00e8me trimestre<\/strong><\/p>\n<p>Les estimations tablent sur une am\u00e9lioration de 3% de la demande \u00e9trang\u00e8re adress\u00e9e au Maroc\u00a0 sos l\u2019effet du d\u00e9confinement.\u00a0 Les pressions inflationnistes devraient rester maitris\u00e9es et d\u00e9pendraient de l\u2019\u00e9volution des cours internationaux des produits \u00e9nerg\u00e9tiques et alimentaires dans un contexte de poursuite de la situation exc\u00e9dentaire de l\u2019offre par rapport \u00e0 la demande mondiale. La demande int\u00e9rieure se redresserait, pour sa part, mod\u00e9r\u00e9ment et lentement et l\u2019\u2019investissement resterait globalement atone et sa reprise tarderait \u00e0 se r\u00e9aliser au troisi\u00e8me trimestre 2020.<\/p>\n<p>Parall\u00e8lement, l\u2019encours des cr\u00e9ances sur l\u2019\u00e9conomie se serait accru de 6,7%, au deuxi\u00e8me trimestre 2020 suite \u00e0 l\u2019acc\u00e9l\u00e9ration des cr\u00e9dits \u00e0 la tr\u00e9sorerie des entreprises.<\/p>\n<p>Auteur: M&rsquo;hammed rahal<br \/>\n<a href=\"http:\/\/albayane.press.ma\/lactivite-economique-baisserait-de-46.html\">Cliquez ici pour lire l&rsquo;article depuis sa source.<\/a><\/p>\n","protected":false},"excerpt":{"rendered":"<p>Au 3\u00e9me trimestre Par Fairouz El Mouden Les nouvelles projections du deuxi\u00e8me et troisi\u00e8me trimestre du HCP tiennent compte cette fois-ci des effets de l\u2019assouplissement des mesures de confinement depuis le 10 juin dernier. L\u2019analyse de la conjoncture laisse pr\u00e9sager une contraction de l\u2019\u00e9conomie nationale de 13,8% au second trimestre\u00a0 attribu\u00e9e en grande partie \u00e0 [&hellip;]<\/p>\n","protected":false},"author":1760,"featured_media":0,"comment_status":"closed","ping_status":"closed","sticky":false,"template":"","format":"standard","meta":{"fifu_image_url":"","fifu_image_alt":"","footnotes":""},"categories":[73,54],"tags":[],"class_list":["post-91491","post","type-post","status-publish","format-standard","hentry","category-actualite","category-maroc"],"_links":{"self":[{"href":"https:\/\/linitiative.ca\/International\/wp-json\/wp\/v2\/posts\/91491","targetHints":{"allow":["GET"]}}],"collection":[{"href":"https:\/\/linitiative.ca\/International\/wp-json\/wp\/v2\/posts"}],"about":[{"href":"https:\/\/linitiative.ca\/International\/wp-json\/wp\/v2\/types\/post"}],"author":[{"embeddable":true,"href":"https:\/\/linitiative.ca\/International\/wp-json\/wp\/v2\/users\/1760"}],"replies":[{"embeddable":true,"href":"https:\/\/linitiative.ca\/International\/wp-json\/wp\/v2\/comments?post=91491"}],"version-history":[{"count":0,"href":"https:\/\/linitiative.ca\/International\/wp-json\/wp\/v2\/posts\/91491\/revisions"}],"wp:attachment":[{"href":"https:\/\/linitiative.ca\/International\/wp-json\/wp\/v2\/media?parent=91491"}],"wp:term":[{"taxonomy":"category","embeddable":true,"href":"https:\/\/linitiative.ca\/International\/wp-json\/wp\/v2\/categories?post=91491"},{"taxonomy":"post_tag","embeddable":true,"href":"https:\/\/linitiative.ca\/International\/wp-json\/wp\/v2\/tags?post=91491"}],"curies":[{"name":"wp","href":"https:\/\/api.w.org\/{rel}","templated":true}]}}