{"id":91498,"date":"2020-07-07T09:24:26","date_gmt":"2020-07-07T13:24:26","guid":{"rendered":"https:\/\/linitiative.ca\/International\/triche-au-bac-138-cas-recenses-au-niveau-de-casablanca-settat\/"},"modified":"2020-07-07T09:24:26","modified_gmt":"2020-07-07T13:24:26","slug":"triche-au-bac-138-cas-recenses-au-niveau-de-casablanca-settat","status":"publish","type":"post","link":"https:\/\/linitiative.ca\/International\/triche-au-bac-138-cas-recenses-au-niveau-de-casablanca-settat\/","title":{"rendered":"Triche au Bac : 138 cas recens\u00e9s au niveau de Casablanca-Settat"},"content":{"rendered":"<header>\n<\/header>\n<div class=\"entry-content clearfix\" readability=\"59\"><img decoding=\"async\" class=\"post_layout_5_img\" src=\"http:\/\/aujourdhui.ma\/wp-content\/uploads\/2020\/07\/MAPPH_20200703_0059_MAP_map.jpg\" alt=\"Triche au Bac : 138 cas recens&#xE9;s au niveau de Casablanca-Settat\"\/><\/p>\n<p><span class=\"c5\"><strong>Un total de 138 cas de triche a \u00e9t\u00e9 enregistr\u00e9 durant la premi\u00e8re \u00e9tape de l\u2019examen national unifi\u00e9 du baccalaur\u00e9at, session normale de juillet 2020, au niveau de la r\u00e9gion de Casablanca-Settat.<\/strong><\/span> <span id=\"more-349892\"\/><\/p>\n<p>C\u2019est ce qu\u2019a annonc\u00e9 l\u2019Acad\u00e9mie r\u00e9gionale de l\u2019\u00e9ducation et de la formation (AREF) dans un communiqu\u00e9 publi\u00e9 ce lundi 6 juillet. L\u2019Acad\u00e9mie pr\u00e9cise que l\u2019activation des dispositions relatives \u00e0 la r\u00e9pression de la fraude aux examens a permis de d\u00e9busquer 138 actes de triche durant les \u00e9preuves des 3 et 4 juillet, \u00e9tablis dans des PV, qui seront soumis ult\u00e9rieurement aux commissions r\u00e9gionales pour prendre les mesures disciplinaires appropri\u00e9es. Les premiers jours de l\u2019\u00e9dition 2020 (3\/4 juillet), consacr\u00e9s aux branches litt\u00e9raires, se sont d\u00e9roul\u00e9s dans \u00abde bonnes conditions\u00bb, se f\u00e9licite la m\u00eame source, notant que 80% des candidats ont fait acte de pr\u00e9sence, soit 18.960 sur un total de 23.663, dont 8.835 candidats libres.<\/p>\n<p>A noter que six candidats atteints de Covid-19 ont pass\u00e9 les \u00e9preuves au centre install\u00e9 sp\u00e9cialement \u00e0 l\u2019h\u00f4pital militaire de campagne \u00e0 Benslimane, au moment o\u00f9 l\u2019Acad\u00e9mie r\u00e9gionale a recens\u00e9 48 candidats en situation de handicap et 112 autres pensionnaires des \u00e9tablissements p\u00e9nitentiaires d\u2019El Jadida, Settat, Berrechid et Ain Sebaa. La deuxi\u00e8me \u00e9tape du baccalaur\u00e9at, qui portera sur les examens des branches scientifiques-techniques et de l\u2019enseignement professionnel, se d\u00e9roule entre le 6 et le 9 juillet.<\/p>\n<\/div>\n<p>Auteur: ALM<br \/>\n<a href=\"https:\/\/aujourdhui.ma\/regions\/triche-au-bac-138-cas-recenses-au-niveau-de-casablanca-settat\">Cliquez ici pour lire l&rsquo;article depuis sa source.<\/a><\/p>\n","protected":false},"excerpt":{"rendered":"<p>Un total de 138 cas de triche a \u00e9t\u00e9 enregistr\u00e9 durant la premi\u00e8re \u00e9tape de l\u2019examen national unifi\u00e9 du baccalaur\u00e9at, session normale de juillet 2020, au niveau de la r\u00e9gion de Casablanca-Settat. C\u2019est ce qu\u2019a annonc\u00e9 l\u2019Acad\u00e9mie r\u00e9gionale de l\u2019\u00e9ducation et de la formation (AREF) dans un communiqu\u00e9 publi\u00e9 ce lundi 6 juillet. L\u2019Acad\u00e9mie pr\u00e9cise [&hellip;]<\/p>\n","protected":false},"author":1759,"featured_media":91499,"comment_status":"closed","ping_status":"closed","sticky":false,"template":"","format":"standard","meta":{"fifu_image_url":"","fifu_image_alt":"","footnotes":""},"categories":[73,54],"tags":[],"class_list":["post-91498","post","type-post","status-publish","format-standard","has-post-thumbnail","hentry","category-actualite","category-maroc"],"_links":{"self":[{"href":"https:\/\/linitiative.ca\/International\/wp-json\/wp\/v2\/posts\/91498","targetHints":{"allow":["GET"]}}],"collection":[{"href":"https:\/\/linitiative.ca\/International\/wp-json\/wp\/v2\/posts"}],"about":[{"href":"https:\/\/linitiative.ca\/International\/wp-json\/wp\/v2\/types\/post"}],"author":[{"embeddable":true,"href":"https:\/\/linitiative.ca\/International\/wp-json\/wp\/v2\/users\/1759"}],"replies":[{"embeddable":true,"href":"https:\/\/linitiative.ca\/International\/wp-json\/wp\/v2\/comments?post=91498"}],"version-history":[{"count":0,"href":"https:\/\/linitiative.ca\/International\/wp-json\/wp\/v2\/posts\/91498\/revisions"}],"wp:featuredmedia":[{"embeddable":true,"href":"https:\/\/linitiative.ca\/International\/wp-json\/"}],"wp:attachment":[{"href":"https:\/\/linitiative.ca\/International\/wp-json\/wp\/v2\/media?parent=91498"}],"wp:term":[{"taxonomy":"category","embeddable":true,"href":"https:\/\/linitiative.ca\/International\/wp-json\/wp\/v2\/categories?post=91498"},{"taxonomy":"post_tag","embeddable":true,"href":"https:\/\/linitiative.ca\/International\/wp-json\/wp\/v2\/tags?post=91498"}],"curies":[{"name":"wp","href":"https:\/\/api.w.org\/{rel}","templated":true}]}}