{"id":91512,"date":"2020-07-07T10:40:00","date_gmt":"2020-07-07T14:40:00","guid":{"rendered":"https:\/\/linitiative.ca\/International\/ali-laskri-ne-participe-pas-au-congres-extraordinaire-du-ffs\/"},"modified":"2020-07-07T10:40:00","modified_gmt":"2020-07-07T14:40:00","slug":"ali-laskri-ne-participe-pas-au-congres-extraordinaire-du-ffs","status":"publish","type":"post","link":"https:\/\/linitiative.ca\/International\/ali-laskri-ne-participe-pas-au-congres-extraordinaire-du-ffs\/","title":{"rendered":"Ali Laskri ne participe pas au congr\u00e8s extraordinaire du FFS"},"content":{"rendered":"<div id=\"originalText\" readability=\"56\">\n<p>Ali Laskri ne prendra pas part au congr\u00e8s extraordinaire du Front des forces socialistes (FFS), pr\u00e9vu pour les 9 et 10 juillet 2020.\u00a0<\/p>\n<p>\u00abJ\u2019informe les militant-e-s que je ne serai pas pr\u00e9sent au congr\u00e8s extraordinaire, mes convictions et ma d\u00e9termination de la n\u00e9cessit\u00e9 du changement du syst\u00e8me ne me permettent pas de cautionner une rencontre de mise en conformit\u00e9 et de normalisation du parti\u00bb, a indiqu\u00e9 l\u2019ancien membre de l\u2019instance pr\u00e9sidentielle du FFS,\u00a0 ce mardi, dans un communiqu\u00e9 parvenu \u00e0 notre r\u00e9daction , soulignant que\u00a0 sa \u00abpr\u00e9sence sera contraire \u00e0 toutes mes prises de positions politiques et contraire aux revendications du FFS depuis l\u2019ind\u00e9pendance et du mouvement r\u00e9volutionnaire pacifique depuis le 22 f\u00e9vrier 2019.\u00a0<\/p>\n<p>Il consid\u00e8re ainsi que cela participerait \u00e0 \u00abcautionner la d\u00e9marche non statutaire et l\u2019absence des conditions de pr\u00e9paration qui ne sont pas r\u00e9unies en cette p\u00e9riode de pand\u00e9mie sanitaire\u00bb.<\/p>\n<p>Et de conclure : \u00ab Aujourd\u2019hui, le r\u00e9gime en d\u00e9ficit de l\u00e9gitimit\u00e9 veut asseoir sa feuille de route dans le cadre d\u2019une d\u00e9mocratie de fa\u00e7ade, neutraliser le mouvement r\u00e9volutionnaire pacifique et la conf\u00e9rence nationale ind\u00e9pendante du pouvoir. C\u2019est-\u00e0-dire une v\u00e9ritable alternative d\u00e9mocratique, l\u2019\u00e9lection d\u2019une assembl\u00e9e constituante pr\u00e9lude \u00e0 l\u2019av\u00e8nement de la deuxi\u00e8me r\u00e9publique\u00bb.\u00a0<\/p>\n<p class=\"c6\"><strong>R\u00e9daction Web\u00a0<\/strong><\/p>\n<\/div>\n<div id=\"text_core\" readability=\"56\">\n<p>Ali Laskri ne prendra pas part au congr\u00e8s extraordinaire du Front des forces socialistes (FFS), pr\u00e9vu pour les 9 et 10 juillet 2020.\u00a0<\/p>\n<p>\u00abJ\u2019informe les militant-e-s que je ne serai pas pr\u00e9sent au congr\u00e8s extraordinaire, mes convictions et ma d\u00e9termination de la n\u00e9cessit\u00e9 du changement du syst\u00e8me ne me permettent pas de cautionner une rencontre de mise en conformit\u00e9 et de normalisation du parti\u00bb, a indiqu\u00e9 l\u2019ancien membre de l\u2019instance pr\u00e9sidentielle du FFS,\u00a0 ce mardi, dans un communiqu\u00e9 parvenu \u00e0 notre r\u00e9daction , soulignant que\u00a0 sa \u00abpr\u00e9sence sera contraire \u00e0 toutes mes prises de positions politiques et contraire aux revendications du FFS depuis l\u2019ind\u00e9pendance et du mouvement r\u00e9volutionnaire pacifique depuis le 22 f\u00e9vrier 2019.\u00a0<\/p>\n<p>Il consid\u00e8re ainsi que cela participerait \u00e0 \u00abcautionner la d\u00e9marche non statutaire et l\u2019absence des conditions de pr\u00e9paration qui ne sont pas r\u00e9unies en cette p\u00e9riode de pand\u00e9mie sanitaire\u00bb.<\/p>\n<p>Et de conclure : \u00ab Aujourd\u2019hui, le r\u00e9gime en d\u00e9ficit de l\u00e9gitimit\u00e9 veut asseoir sa feuille de route dans le cadre d\u2019une d\u00e9mocratie de fa\u00e7ade, neutraliser le mouvement r\u00e9volutionnaire pacifique et la conf\u00e9rence nationale ind\u00e9pendante du pouvoir. C\u2019est-\u00e0-dire une v\u00e9ritable alternative d\u00e9mocratique, l\u2019\u00e9lection d\u2019une assembl\u00e9e constituante pr\u00e9lude \u00e0 l\u2019av\u00e8nement de la deuxi\u00e8me r\u00e9publique\u00bb.\u00a0<\/p>\n<p class=\"c6\"><strong>R\u00e9daction Web\u00a0<\/strong><\/p>\n<\/div>\n<p>Auteur:<br \/>\n<a href=\"https:\/\/www.liberte-algerie.com\/actualite\/ali-laskri-ne-participe-pas-au-congres-extraordinaire-du-ffs-341634\">Cliquez ici pour lire l&rsquo;article depuis sa source.<\/a><\/p>\n","protected":false},"excerpt":{"rendered":"<p>Ali Laskri ne prendra pas part au congr\u00e8s extraordinaire du Front des forces socialistes (FFS), pr\u00e9vu pour les 9 et 10 juillet 2020.\u00a0 \u00abJ\u2019informe les militant-e-s que je ne serai pas pr\u00e9sent au congr\u00e8s extraordinaire, mes convictions et ma d\u00e9termination de la n\u00e9cessit\u00e9 du changement du syst\u00e8me ne me permettent pas de cautionner une rencontre [&hellip;]<\/p>\n","protected":false},"author":1742,"featured_media":0,"comment_status":"closed","ping_status":"closed","sticky":false,"template":"","format":"standard","meta":{"fifu_image_url":"","fifu_image_alt":"","footnotes":""},"categories":[73,53],"tags":[],"class_list":["post-91512","post","type-post","status-publish","format-standard","hentry","category-actualite","category-algerie"],"_links":{"self":[{"href":"https:\/\/linitiative.ca\/International\/wp-json\/wp\/v2\/posts\/91512","targetHints":{"allow":["GET"]}}],"collection":[{"href":"https:\/\/linitiative.ca\/International\/wp-json\/wp\/v2\/posts"}],"about":[{"href":"https:\/\/linitiative.ca\/International\/wp-json\/wp\/v2\/types\/post"}],"author":[{"embeddable":true,"href":"https:\/\/linitiative.ca\/International\/wp-json\/wp\/v2\/users\/1742"}],"replies":[{"embeddable":true,"href":"https:\/\/linitiative.ca\/International\/wp-json\/wp\/v2\/comments?post=91512"}],"version-history":[{"count":0,"href":"https:\/\/linitiative.ca\/International\/wp-json\/wp\/v2\/posts\/91512\/revisions"}],"wp:attachment":[{"href":"https:\/\/linitiative.ca\/International\/wp-json\/wp\/v2\/media?parent=91512"}],"wp:term":[{"taxonomy":"category","embeddable":true,"href":"https:\/\/linitiative.ca\/International\/wp-json\/wp\/v2\/categories?post=91512"},{"taxonomy":"post_tag","embeddable":true,"href":"https:\/\/linitiative.ca\/International\/wp-json\/wp\/v2\/tags?post=91512"}],"curies":[{"name":"wp","href":"https:\/\/api.w.org\/{rel}","templated":true}]}}