{"id":91535,"date":"2020-07-07T08:45:25","date_gmt":"2020-07-07T12:45:25","guid":{"rendered":"https:\/\/linitiative.ca\/International\/demain-contre-le-ca-a-el-menzah\/"},"modified":"2020-07-07T08:45:25","modified_gmt":"2020-07-07T12:45:25","slug":"demain-contre-le-ca-a-el-menzah","status":"publish","type":"post","link":"https:\/\/linitiative.ca\/International\/demain-contre-le-ca-a-el-menzah\/","title":{"rendered":"Demain, contre le CA, \u00e0 El Menzah"},"content":{"rendered":"<p class=\"p1 c3\"><span class=\"c2\">Le CAB a termin\u00e9 son stage de Mahdia sans pouvoir disputer la rencontre amicale pr\u00e9vue contre le CS Chebba. Toutefois, SoufieneHidoussi a estim\u00e9 que les objectifs trac\u00e9s durant ce stage ont \u00e9t\u00e9 atteint et qu\u2019il \u00e9tait satifsait du rendement des joueurs. Ces derniers ont eu droit \u00e0 deux jours de repos, et seront de retour sur le terrain du Bsiri \u00e0 partir de cet apr\u00e8s-midi.<span class=\"Apple-converted-space\">\u00a0<\/span><\/span><\/p>\n<p class=\"p1 c3\"><span class=\"c2\">Le staff technique a programm\u00e9 7 s\u00e9ances d\u2019entra\u00eenements \u00e0 Bizerte et une rencontre d\u2019application pour donner le maximum de temps de jeu aux joueurs \u00e0 sa disposition.<span class=\"Apple-converted-space\">\u00a0<\/span><\/span><\/p>\n<p class=\"p2 c4\"><span class=\"c2\"><strong>Rencontres amicales<\/strong><\/span><\/p>\n<p class=\"p1 c3\"><span class=\"c2\">Hidoussi ne se contentera pas de seulement cette rencontre, il a programm\u00e9 5 autres matchs afin de permettre aux joueurs de retrouver le rythme de la comp\u00e9tition et surtout pour lui permettre \u00e0 lui de choisir la meilleure formation possible avec laquelle il reprendra la comp\u00e9tition.<span class=\"Apple-converted-space\">\u00a0<\/span><\/span><\/p>\n<p class=\"p1 c3\"><span class=\"c2\">Ainsi, les Bizertins seront confront\u00e9s le mercredi prochain au CA \u00e0 El Menzah, puis recevront l\u2019AS Soliman le samedi 16 au Bsiri. Trois jours plus tard, c\u2019est-\u00e0-dire le 19, le CAB se rendra \u00e0 Soliman pour disputer un second match face \u00e0 l\u2019\u00e9quipe locale. Le 23 se sera au tour de l\u2019\u00e9quipe nationale junior de recevoir les cabistes, enfin la derni\u00e8re rencontre se d\u00e9roulera \u00e0 Bizerte contre le CA.<\/span><\/p>\n<p class=\"p2 c4\"><span class=\"c2\"><strong>Sa\u00efdi out<\/strong><\/span><\/p>\n<p class=\"p1 c3\"><span class=\"c2\">L\u2019ex meilleur buteur de la Ligue 2 sous les couleurs du CSHL n\u2019est pas parvenu \u00e0 se frayer une place au sein de l\u2019\u00e9quipe bizertine. Transfert au CAB depuis l\u2019\u00e9t\u00e9 2018, ce joueur a suivi la majorit\u00e9 des rencontres de son \u00e9quipes \u00e0 partir des gradins.<span class=\"Apple-converted-space\">\u00a0<\/span><\/span><\/p>\n<p class=\"p1 c3\"><span class=\"c2\">Samedi, apr\u00e8s le stage de Mahdia, Sa\u00efdi a \u00e9t\u00e9 r\u00e9trograd\u00e9 par son entra\u00eeneur chez les \u00e9lites pour manque de discipline. Il devrait compara\u00eetre tr\u00e8s prochainement devant le conseil de discipline.<span class=\"Apple-converted-space\">\u00a0<\/span><\/span><\/p>\n<p class=\"p2 c4\"><span class=\"c2\"><strong>Accord<span class=\"Apple-converted-space\">\u00a0<\/span><\/strong><\/span><\/p>\n<p class=\"p1 c3\"><span class=\"c2\">Les efforts entrepris par certains anciens dirigeants, le pr\u00e9sident par int\u00e9rim et Soufi\u00e9neHidoussi ont \u00e9t\u00e9 couronn\u00e9s de succ\u00e8s. En effet les 5 joueurs en fin de contrat \u00e0 savoir Zied Ounelli, Youssoufa Mb\u00e9gu\u00e9, Haten Baratli, Habib Yaken et Wissem Bousnina, ont donn\u00e9 leur accord pour signer un protocole de prolongation de leur contrat jusqu\u2019\u00e0 la fin de la saison, en attendant de trouver une meilleure solution pour rempiler avec l\u2019\u00e9quipe bizertine.<\/span><\/p>\n<p class=\"p2 c4\"><span class=\"c2\"><strong>Subvention<span class=\"Apple-converted-space\">\u00a0<\/span><\/strong><\/span><\/p>\n<p class=\"p1 c3\"><span class=\"c2\">En l\u2019absence de Abdesselam Sa\u00efdani, et sous l\u2019impulsion de Wad\u00ef Jerr\u00ef, le pr\u00e9sident de la FTF qui avait promis d\u2019apporter une aide mat\u00e9rielle au club afin de permettre \u00e0 ses dirigeants de r\u00e9gler les ch\u00e8ques sans provision \u00e9mis par le pr\u00e9sident du club et non honor\u00e9s, nous avons appris que la Municipalit\u00e9 de Bizerte a promis \u00e9galement de venir en aide au club en d\u00e9bloquant la somme de 200 mille dinars afin de pouvoir faire face aux d\u00e9penses urgentes avant le retour de la comp\u00e9tition.<span class=\"Apple-converted-space\">\u00a0<\/span><\/span><\/p>\n<p class=\"p3 c5\"><span class=\"c2\"><strong>Hichem<\/strong><\/span><\/p>\n<p>Auteur: letemps1<br \/>\n<a href=\"http:\/\/www.letemps.com.tn\/article\/115438\/demain-contre-le-ca-%C3%A0-el-menzah\">Cliquez ici pour lire l&rsquo;article depuis sa source.<\/a><\/p>\n","protected":false},"excerpt":{"rendered":"<p>Le CAB a termin\u00e9 son stage de Mahdia sans pouvoir disputer la rencontre amicale pr\u00e9vue contre le CS Chebba. Toutefois, SoufieneHidoussi a estim\u00e9 que les objectifs trac\u00e9s durant ce stage ont \u00e9t\u00e9 atteint et qu\u2019il \u00e9tait satifsait du rendement des joueurs. Ces derniers ont eu droit \u00e0 deux jours de repos, et seront de retour [&hellip;]<\/p>\n","protected":false},"author":1773,"featured_media":0,"comment_status":"closed","ping_status":"closed","sticky":false,"template":"","format":"standard","meta":{"fifu_image_url":"","fifu_image_alt":"","footnotes":""},"categories":[73,55],"tags":[],"class_list":["post-91535","post","type-post","status-publish","format-standard","hentry","category-actualite","category-tunisie"],"_links":{"self":[{"href":"https:\/\/linitiative.ca\/International\/wp-json\/wp\/v2\/posts\/91535","targetHints":{"allow":["GET"]}}],"collection":[{"href":"https:\/\/linitiative.ca\/International\/wp-json\/wp\/v2\/posts"}],"about":[{"href":"https:\/\/linitiative.ca\/International\/wp-json\/wp\/v2\/types\/post"}],"author":[{"embeddable":true,"href":"https:\/\/linitiative.ca\/International\/wp-json\/wp\/v2\/users\/1773"}],"replies":[{"embeddable":true,"href":"https:\/\/linitiative.ca\/International\/wp-json\/wp\/v2\/comments?post=91535"}],"version-history":[{"count":0,"href":"https:\/\/linitiative.ca\/International\/wp-json\/wp\/v2\/posts\/91535\/revisions"}],"wp:attachment":[{"href":"https:\/\/linitiative.ca\/International\/wp-json\/wp\/v2\/media?parent=91535"}],"wp:term":[{"taxonomy":"category","embeddable":true,"href":"https:\/\/linitiative.ca\/International\/wp-json\/wp\/v2\/categories?post=91535"},{"taxonomy":"post_tag","embeddable":true,"href":"https:\/\/linitiative.ca\/International\/wp-json\/wp\/v2\/tags?post=91535"}],"curies":[{"name":"wp","href":"https:\/\/api.w.org\/{rel}","templated":true}]}}