{"id":91544,"date":"2020-07-07T15:13:41","date_gmt":"2020-07-07T19:13:41","guid":{"rendered":"https:\/\/linitiative.ca\/International\/international-psg-leonardo-durcit-le-ton-suite-aux-propos-de-juninho\/"},"modified":"2020-07-07T15:13:41","modified_gmt":"2020-07-07T19:13:41","slug":"international-psg-leonardo-durcit-le-ton-suite-aux-propos-de-juninho","status":"publish","type":"post","link":"https:\/\/linitiative.ca\/International\/international-psg-leonardo-durcit-le-ton-suite-aux-propos-de-juninho\/","title":{"rendered":"International : PSG : Leonardo durcit le ton suite aux propos de Juninho"},"content":{"rendered":"<div readability=\"32\">\n<p>Auteur : <span class=\"time\">mardi 07 juillet 2020 19:53<\/span><\/p>\n<\/div>\n<div id=\"post_core\" readability=\"40\">\n<p>\u00ab\u00a0Regardez Neymar. Il est venu au PSG juste \u00e0 cause de l&rsquo;argent.\u00a0\u00bb avait ainsi d\u00e9clar\u00e9 Juninho.<\/p>\n<p>Leonardo a tr\u00e8s peu appr\u00e9ci\u00e9 cette sortie et l&rsquo;a fait tr\u00e8s vite savoir : \u00ab\u00a0Je ne comprends pas pourquoi Aulas parle autant du PSG, et Juninho maintenant parle de Paris et de Neymar. \u00c7a serait mieux de parler de leur club. Nous, on ne parle pas de la situation de l\u2019OL et je demande \u00e0 l\u2019OL de ne pas parler de nos joueurs et de notre club\u00a0\u00bb, a tonn\u00e9 le directeur sportif parisien au micro de RMC Sport et comme rapport\u00e9 par Goal.<\/p>\n<p><strong>Publi\u00e9 dans :<\/strong> <span>PSG<\/span><\/p>\n<\/div>\n<p>Auteur:<br \/>\n<a href=\"http:\/\/www.lebuteur.com\/article\/detail?titre=psg-leonardo-durcit-le-ton-suite-aux-propos-de-juninho&#038;id=96524&#038;utm_source=feedburner&#038;utm_medium=feed&#038;utm_campaign=Feed%3A+GalerieFArtciles+%28Les+derniers+articles++-+lebuteur.com%29\">Cliquez ici pour lire l&rsquo;article depuis sa source.<\/a><\/p>\n","protected":false},"excerpt":{"rendered":"<p>Auteur : mardi 07 juillet 2020 19:53 \u00ab\u00a0Regardez Neymar. Il est venu au PSG juste \u00e0 cause de l&rsquo;argent.\u00a0\u00bb avait ainsi d\u00e9clar\u00e9 Juninho. Leonardo a tr\u00e8s peu appr\u00e9ci\u00e9 cette sortie et l&rsquo;a fait tr\u00e8s vite savoir : \u00ab\u00a0Je ne comprends pas pourquoi Aulas parle autant du PSG, et Juninho maintenant parle de Paris et de [&hellip;]<\/p>\n","protected":false},"author":1738,"featured_media":91545,"comment_status":"closed","ping_status":"closed","sticky":false,"template":"","format":"standard","meta":{"fifu_image_url":"","fifu_image_alt":"","footnotes":""},"categories":[53,75],"tags":[],"class_list":["post-91544","post","type-post","status-publish","format-standard","has-post-thumbnail","hentry","category-algerie","category-sport"],"_links":{"self":[{"href":"https:\/\/linitiative.ca\/International\/wp-json\/wp\/v2\/posts\/91544","targetHints":{"allow":["GET"]}}],"collection":[{"href":"https:\/\/linitiative.ca\/International\/wp-json\/wp\/v2\/posts"}],"about":[{"href":"https:\/\/linitiative.ca\/International\/wp-json\/wp\/v2\/types\/post"}],"author":[{"embeddable":true,"href":"https:\/\/linitiative.ca\/International\/wp-json\/wp\/v2\/users\/1738"}],"replies":[{"embeddable":true,"href":"https:\/\/linitiative.ca\/International\/wp-json\/wp\/v2\/comments?post=91544"}],"version-history":[{"count":0,"href":"https:\/\/linitiative.ca\/International\/wp-json\/wp\/v2\/posts\/91544\/revisions"}],"wp:featuredmedia":[{"embeddable":true,"href":"https:\/\/linitiative.ca\/International\/wp-json\/"}],"wp:attachment":[{"href":"https:\/\/linitiative.ca\/International\/wp-json\/wp\/v2\/media?parent=91544"}],"wp:term":[{"taxonomy":"category","embeddable":true,"href":"https:\/\/linitiative.ca\/International\/wp-json\/wp\/v2\/categories?post=91544"},{"taxonomy":"post_tag","embeddable":true,"href":"https:\/\/linitiative.ca\/International\/wp-json\/wp\/v2\/tags?post=91544"}],"curies":[{"name":"wp","href":"https:\/\/api.w.org\/{rel}","templated":true}]}}