{"id":91554,"date":"2020-07-07T13:22:00","date_gmt":"2020-07-07T17:22:00","guid":{"rendered":"https:\/\/linitiative.ca\/International\/mohammed-vi-nomme-un-nouvel-ambassadeur-en-algerie\/"},"modified":"2020-07-07T13:22:00","modified_gmt":"2020-07-07T17:22:00","slug":"mohammed-vi-nomme-un-nouvel-ambassadeur-en-algerie","status":"publish","type":"post","link":"https:\/\/linitiative.ca\/International\/mohammed-vi-nomme-un-nouvel-ambassadeur-en-algerie\/","title":{"rendered":"Mohammed VI nomme un nouvel ambassadeur en Alg\u00e9rie"},"content":{"rendered":"<p><br id=\"sep_para_1\" class=\"sep_para access\"\/><\/p>\n<div id=\"para_1\" class=\"para_37781643 resize\">\n<div class=\"texte access firstletter\">Le Maroc a d\u00e9sign\u00e9 un nouvel ambassadeur en Alg\u00e9rie en remplacement de Lahcen Abdelkhalek. Il s\u2019agit de Mohamed A\u00eft Ouali. Il a \u00e9t\u00e9 nomm\u00e9 lundi 6 juillet par le roi Mohammed IV au cours d\u2019un Conseil des ministres.\u00a0 Ainsi, Lahcen Abdelkhalek n\u2019est plus l\u2019ambassadeur du Maroc en Alg\u00e9rie. Le nouveau repr\u00e9sentant diplomatique marocain \u00e0 Alger a pour nom Mohamed A\u00eft Ouali. Il est n\u00e9 en 1959 et a \u00e9t\u00e9 ambassadeur de son pays dans plusieurs Etats. Il a \u00e9t\u00e9 nomm\u00e9 au poste d\u2019ambassadeur du Maroc en Alg\u00e9rie lundi 6 juillet. A noter que, les relations alg\u00e9ro-marocaines traversent une zone de turbulences notamment depuis la sortie de l\u2019ex-consul du Maroc \u00e0 Oran. Ce dernier avait, pour rappel, qualifi\u00e9 l\u2019Alg\u00e9rie de \u201cpays ennemi\u201d devant une foule nombreuse de Marocains qui r\u00e9clamaient leur rapatriement.<\/div>\n<\/div>\n<p>Auteur: R\u00e9flexion<br \/>\n<a href=\"https:\/\/www.reflexiondz.net\/Mohammed-VI-nomme-un-nouvel-ambassadeur-en-Algerie_a63852.html\">Cliquez ici pour lire l&rsquo;article depuis sa source.<\/a><\/p>\n","protected":false},"excerpt":{"rendered":"<p>Le Maroc a d\u00e9sign\u00e9 un nouvel ambassadeur en Alg\u00e9rie en remplacement de Lahcen Abdelkhalek. Il s\u2019agit de Mohamed A\u00eft Ouali. Il a \u00e9t\u00e9 nomm\u00e9 lundi 6 juillet par le roi Mohammed IV au cours d\u2019un Conseil des ministres.\u00a0 Ainsi, Lahcen Abdelkhalek n\u2019est plus l\u2019ambassadeur du Maroc en Alg\u00e9rie. Le nouveau repr\u00e9sentant diplomatique marocain \u00e0 Alger [&hellip;]<\/p>\n","protected":false},"author":1740,"featured_media":0,"comment_status":"closed","ping_status":"closed","sticky":false,"template":"","format":"standard","meta":{"fifu_image_url":"","fifu_image_alt":"","footnotes":""},"categories":[53,76],"tags":[],"class_list":["post-91554","post","type-post","status-publish","format-standard","hentry","category-algerie","category-regions"],"_links":{"self":[{"href":"https:\/\/linitiative.ca\/International\/wp-json\/wp\/v2\/posts\/91554","targetHints":{"allow":["GET"]}}],"collection":[{"href":"https:\/\/linitiative.ca\/International\/wp-json\/wp\/v2\/posts"}],"about":[{"href":"https:\/\/linitiative.ca\/International\/wp-json\/wp\/v2\/types\/post"}],"author":[{"embeddable":true,"href":"https:\/\/linitiative.ca\/International\/wp-json\/wp\/v2\/users\/1740"}],"replies":[{"embeddable":true,"href":"https:\/\/linitiative.ca\/International\/wp-json\/wp\/v2\/comments?post=91554"}],"version-history":[{"count":0,"href":"https:\/\/linitiative.ca\/International\/wp-json\/wp\/v2\/posts\/91554\/revisions"}],"wp:attachment":[{"href":"https:\/\/linitiative.ca\/International\/wp-json\/wp\/v2\/media?parent=91554"}],"wp:term":[{"taxonomy":"category","embeddable":true,"href":"https:\/\/linitiative.ca\/International\/wp-json\/wp\/v2\/categories?post=91554"},{"taxonomy":"post_tag","embeddable":true,"href":"https:\/\/linitiative.ca\/International\/wp-json\/wp\/v2\/tags?post=91554"}],"curies":[{"name":"wp","href":"https:\/\/api.w.org\/{rel}","templated":true}]}}