{"id":91555,"date":"2020-07-07T13:22:00","date_gmt":"2020-07-07T17:22:00","guid":{"rendered":"https:\/\/linitiative.ca\/International\/la-justice-libanaise-este-en-justice-le-representant-de-sonatrach\/"},"modified":"2020-07-07T13:22:00","modified_gmt":"2020-07-07T17:22:00","slug":"la-justice-libanaise-este-en-justice-le-representant-de-sonatrach","status":"publish","type":"post","link":"https:\/\/linitiative.ca\/International\/la-justice-libanaise-este-en-justice-le-representant-de-sonatrach\/","title":{"rendered":"La justice libanaise este en justice le repr\u00e9sentant de Sonatrach"},"content":{"rendered":"<p><br id=\"sep_para_1\" class=\"sep_para access\"\/><\/p>\n<div id=\"para_1\" class=\"para_37781638 resize\">\n<div class=\"texte access firstletter\">La justice libanaise a lanc\u00e9 des poursuites contre plusieurs responsables et soci\u00e9t\u00e9s impliqu\u00e9s dans l\u2019affaire du fuel frelat\u00e9 au Liban, dont Sonatrach BVI, filiale du groupe Sonatrach et Tarek Faoual, repr\u00e9sentant de Sonatrach au Liban, rapporte une source m\u00e9diatique, citant \u2018\u2019L\u2019Orient Le Jour\u2019\u2019, pr\u00e9cisant qu\u2019ils sont poursuivis par la justice libanaise pour \u00ab fraude \u00bb et \u00ab blanchiment d\u2019argent \u00bb Selon le m\u00e9dia libanais, la juge a \u00e9galement poursuivi \u00ab les soci\u00e9t\u00e9s ZR Energy DMCC, ZR Energy Group Holding et Sonatrach BVI pour fraude \u00bb. Tandis que, Ibrahim Zouk, directeur ex\u00e9cutif de ZR Energy DMCC, Tarek Faoual, repr\u00e9sentant de Sonatrach au Liban, et Teddy Rahm\u00e9, PDG de ZR Energy, sont, eux, poursuivis pour \u00ab fraude \u00bb et \u00ab blanchiment d\u2019argent \u00bb. \u00ab Ils risquent jusqu\u2019\u00e0 7 ans de prison \u00bb, pr\u00e9cise-t-on, en ajoutant que \u00ab plusieurs employ\u00e9s des installations p\u00e9troli\u00e8res de Deir Ammar et Zahrani sont de leur c\u00f4t\u00e9 poursuivis pour faux et usage de faux et pots-de-vin \u00bb.<\/div>\n<\/div>\n<p>Auteur: R\u00e9flexion<br \/>\n<a href=\"https:\/\/www.reflexiondz.net\/La-justice-libanaise-este-en-justice-le-representant-de-Sonatrach_a63851.html\">Cliquez ici pour lire l&rsquo;article depuis sa source.<\/a><\/p>\n","protected":false},"excerpt":{"rendered":"<p>La justice libanaise a lanc\u00e9 des poursuites contre plusieurs responsables et soci\u00e9t\u00e9s impliqu\u00e9s dans l\u2019affaire du fuel frelat\u00e9 au Liban, dont Sonatrach BVI, filiale du groupe Sonatrach et Tarek Faoual, repr\u00e9sentant de Sonatrach au Liban, rapporte une source m\u00e9diatique, citant \u2018\u2019L\u2019Orient Le Jour\u2019\u2019, pr\u00e9cisant qu\u2019ils sont poursuivis par la justice libanaise pour \u00ab fraude \u00bb [&hellip;]<\/p>\n","protected":false},"author":1740,"featured_media":0,"comment_status":"closed","ping_status":"closed","sticky":false,"template":"","format":"standard","meta":{"fifu_image_url":"","fifu_image_alt":"","footnotes":""},"categories":[53,76],"tags":[],"class_list":["post-91555","post","type-post","status-publish","format-standard","hentry","category-algerie","category-regions"],"_links":{"self":[{"href":"https:\/\/linitiative.ca\/International\/wp-json\/wp\/v2\/posts\/91555","targetHints":{"allow":["GET"]}}],"collection":[{"href":"https:\/\/linitiative.ca\/International\/wp-json\/wp\/v2\/posts"}],"about":[{"href":"https:\/\/linitiative.ca\/International\/wp-json\/wp\/v2\/types\/post"}],"author":[{"embeddable":true,"href":"https:\/\/linitiative.ca\/International\/wp-json\/wp\/v2\/users\/1740"}],"replies":[{"embeddable":true,"href":"https:\/\/linitiative.ca\/International\/wp-json\/wp\/v2\/comments?post=91555"}],"version-history":[{"count":0,"href":"https:\/\/linitiative.ca\/International\/wp-json\/wp\/v2\/posts\/91555\/revisions"}],"wp:attachment":[{"href":"https:\/\/linitiative.ca\/International\/wp-json\/wp\/v2\/media?parent=91555"}],"wp:term":[{"taxonomy":"category","embeddable":true,"href":"https:\/\/linitiative.ca\/International\/wp-json\/wp\/v2\/categories?post=91555"},{"taxonomy":"post_tag","embeddable":true,"href":"https:\/\/linitiative.ca\/International\/wp-json\/wp\/v2\/tags?post=91555"}],"curies":[{"name":"wp","href":"https:\/\/api.w.org\/{rel}","templated":true}]}}