{"id":91562,"date":"2020-07-07T07:49:00","date_gmt":"2020-07-07T11:49:00","guid":{"rendered":"https:\/\/linitiative.ca\/International\/mourou-ca-sen-va-et-ca-revient\/"},"modified":"2020-07-07T07:49:00","modified_gmt":"2020-07-07T11:49:00","slug":"mourou-ca-sen-va-et-ca-revient","status":"publish","type":"post","link":"https:\/\/linitiative.ca\/International\/mourou-ca-sen-va-et-ca-revient\/","title":{"rendered":"Mourou : \u00e7a s\u2019en va et \u00e7a revient"},"content":{"rendered":"<p>Au-del\u00e0 de l\u2019acte, sa date est, elle aussi, significative. Ne voulant rempiler \u00e0 l\u2019or\u00e9e de la 40e ann\u00e9e du d\u00e9p\u00f4t, le 6 juin 1981, de la demande officielle de constitution du Mouvement de la tendance islamique (MTI), dont il est cofondateur avec Rached Ghannouchi et Hmida Ennaifar, cheikh Abdelfettah Mourou annonce son retrait d\u2019Ennahdha. A 72 ans, depuis sa naissance le 1er juin 1948\u2026 Ancien premier vice-pr\u00e9sident de l\u2019ARP, qui aurait pu assurer l\u2019int\u00e9rim le 27 juin 2019 du pr\u00e9sident Mohamed Ennaceur, alors l\u00e9g\u00e8rement souffrant, tandis que le pr\u00e9sident B\u00e9ji Ca\u00efd Essebsi \u00e9tait en soins intensifs \u00e0 l\u2019H\u00f4pital militaire, il se serait alors bien positionn\u00e9 en cas de vacance du pouvoir \u00e0 la pr\u00e9sidence de la R\u00e9publique, pour s\u2019installer en int\u00e9rimaire \u00e0 Carthage. Vous pouvez alors imaginer la suite. Sauf qu\u2019Ennaceur regagnera imm\u00e9diatement le Bardo et qu\u2019Essebsi reviendra \u00e0 Carthage. Mourou jurera alors fid\u00e9lit\u00e9.<\/p>\n<p><img decoding=\"async\" src=\"\/uploads\/FCK_files\/Mourou.jpg\" alt=\"\" width=\"50%\" vspace=\"5\" hspace=\"5\" align=\"left\"\/>Comme lot de consolation, Cheikh Abdelfettah obtiendra cependant la pr\u00e9sidence, mais celle par int\u00e9rim de l\u2019ARP. Pendant 3 mois et 19 jours, du 25 juillet au 13 novembre 2019. Ennaceur s\u2019\u00e9tait install\u00e9 \u00e0 Carthage comme pr\u00e9sident de la R\u00e9publique par int\u00e9rim. Le jour de la passation, le 23 octobre 2019, avec le nouveau pr\u00e9sident \u00e9lu, Ka\u00efs Sa\u00efed, il regagnera directement son domicile et ne retournera pas au Bardo. Au grand bonheur de Mourou qui affichera alors dans son palmar\u00e8s la pr\u00e9sidence de l\u2019ARP.<\/p>\n<p>C\u2019est au nom de cette m\u00eame fid\u00e9lit\u00e9 qu\u2019il tiendra \u00e0 marcher \u00e0 pied derri\u00e8re le cercueil de celui qu\u2019il a toujours appel\u00e9 \u00ab mon ami \u00bb (B\u00e9ji Ca\u00efd Essebsi), le jour de ses fun\u00e9railles, le 29 juillet dernier. Il faut dire que les relations entre Ca\u00efd Essebsi et Mourou ont toujours \u00e9t\u00e9 cordiales et leurs \u00e9changes ponctu\u00e9s d\u2019humour.<\/p>\n<p>En fait, cheikh Abdelfettah Mourou a eu des relations tumultueuses avec son parti, Ennahdha, avant 2011 et apr\u00e8s. Son implication dans les instances n\u2019\u00e9tait pas toujours \u00e0 l\u2019eau de rose. C\u2019est souvent Rached Ghannouchi qui l\u2019imposera, cahin-caha. En 2011, Mourou devait conduire une liste ind\u00e9pendante aux \u00e9lections du 23 octobre pour la Constituante. D\u00e9faite cuisante, scell\u00e9e par moins de 3 000 voix. Rep\u00eachage, on lui a assur\u00e9 qu\u2019il fera partie du gouvernement Hamadi Jebali et il s\u2019\u00e9tait pr\u00e9sent\u00e9 le 22 d\u00e9cembre 2011 \u00e0 15 heures au Bardo pour l\u2019obtention de l\u2019investiture de l\u2019ANC. Apprenant qu\u2019il n\u2019aura pas de portefeuille minist\u00e9riel, mais juste un statut de conseiller aupr\u00e8s du chef du gouvernement, avec rang de ministre, il claquera la porte et quittera la Coupole.<\/p>\n<p>Au congr\u00e8s de 2012 au Kram, Ghannouchi fera de Mourou son vice-pr\u00e9sident. Sans attributions effectives. Et \u00e0 celui de 2016 \u00e0 Rad\u00e8s, il le fera monter avec lui sur le podium pour accueillir B\u00e9ji Ca\u00efd Essebsi. Entre-temps, Mourou \u00e9tait \u00e9lu \u00e0 l\u2019ARP et impos\u00e9 comme 1er vice-pr\u00e9sident. Dernier \u00e9pisode, il est pouss\u00e9 \u00e0 candidater en septembre 2019 \u00e0 la pr\u00e9sidence de la R\u00e9publique. Echec, avec le sentiment d\u2019avoir \u00e9t\u00e9 trahi par les siens.<\/p>\n<p>Habitu\u00e9 aux allers-retours en mode Claude Fran\u00e7ois, \u00ab\u00c7a s\u2019en va et \u00e7a revient\u00bb, Mourou semble cette fois prendre d\u00e9finitivement ses distances avec les instances d\u2019Ennahdha. Il lib\u00e8re ainsi la voie aux autres qui lorgnent le congr\u00e8s promis \u00e0 l\u2019automne prochain.<\/p>\n<p class=\"c2\"><a href=\"https:\/\/www.leaders.com.tn\/le_mensuel_abonnez_vous\"><img loading=\"lazy\" decoding=\"async\" src=\"\/uploads\/FCK_files\/Bondou(9).jpg\" alt=\"\" width=\"500\" vspace=\"5\" hspace=\"5\" height=\"128\" align=\"middle\"\/><\/a><\/p>\n<p>\u00a0<\/p>\n<p>Auteur:<br \/>\n<a href=\"https:\/\/www.leaders.com.tn\/article\/30234-mourou-ca-s-en-va-et-ca-revient\">Cliquez ici pour lire l&rsquo;article depuis sa source.<\/a><\/p>\n","protected":false},"excerpt":{"rendered":"<p>Au-del\u00e0 de l\u2019acte, sa date est, elle aussi, significative. Ne voulant rempiler \u00e0 l\u2019or\u00e9e de la 40e ann\u00e9e du d\u00e9p\u00f4t, le 6 juin 1981, de la demande officielle de constitution du Mouvement de la tendance islamique (MTI), dont il est cofondateur avec Rached Ghannouchi et Hmida Ennaifar, cheikh Abdelfettah Mourou annonce son retrait d\u2019Ennahdha. A [&hellip;]<\/p>\n","protected":false},"author":1772,"featured_media":91563,"comment_status":"closed","ping_status":"closed","sticky":false,"template":"","format":"standard","meta":{"fifu_image_url":"","fifu_image_alt":"","footnotes":""},"categories":[73,55],"tags":[],"class_list":["post-91562","post","type-post","status-publish","format-standard","has-post-thumbnail","hentry","category-actualite","category-tunisie"],"_links":{"self":[{"href":"https:\/\/linitiative.ca\/International\/wp-json\/wp\/v2\/posts\/91562","targetHints":{"allow":["GET"]}}],"collection":[{"href":"https:\/\/linitiative.ca\/International\/wp-json\/wp\/v2\/posts"}],"about":[{"href":"https:\/\/linitiative.ca\/International\/wp-json\/wp\/v2\/types\/post"}],"author":[{"embeddable":true,"href":"https:\/\/linitiative.ca\/International\/wp-json\/wp\/v2\/users\/1772"}],"replies":[{"embeddable":true,"href":"https:\/\/linitiative.ca\/International\/wp-json\/wp\/v2\/comments?post=91562"}],"version-history":[{"count":0,"href":"https:\/\/linitiative.ca\/International\/wp-json\/wp\/v2\/posts\/91562\/revisions"}],"wp:featuredmedia":[{"embeddable":true,"href":"https:\/\/linitiative.ca\/International\/wp-json\/"}],"wp:attachment":[{"href":"https:\/\/linitiative.ca\/International\/wp-json\/wp\/v2\/media?parent=91562"}],"wp:term":[{"taxonomy":"category","embeddable":true,"href":"https:\/\/linitiative.ca\/International\/wp-json\/wp\/v2\/categories?post=91562"},{"taxonomy":"post_tag","embeddable":true,"href":"https:\/\/linitiative.ca\/International\/wp-json\/wp\/v2\/tags?post=91562"}],"curies":[{"name":"wp","href":"https:\/\/api.w.org\/{rel}","templated":true}]}}