{"id":91568,"date":"2020-07-07T13:42:32","date_gmt":"2020-07-07T17:42:32","guid":{"rendered":"https:\/\/linitiative.ca\/International\/le-francais-voltalia-franchit-un-nouveau-pas-dans-son-projet-eolien-a-laayoune\/"},"modified":"2020-07-07T13:42:32","modified_gmt":"2020-07-07T17:42:32","slug":"le-francais-voltalia-franchit-un-nouveau-pas-dans-son-projet-eolien-a-laayoune","status":"publish","type":"post","link":"https:\/\/linitiative.ca\/International\/le-francais-voltalia-franchit-un-nouveau-pas-dans-son-projet-eolien-a-laayoune\/","title":{"rendered":"Le fran\u00e7ais Voltalia franchit un nouveau pas dans son projet \u00e9olien \u00e0 La\u00e2youne"},"content":{"rendered":"<p><strong>Trois ans apr\u00e8s avoir obtenu le statut de producteur ind\u00e9pendant d\u2019\u00e9lectricit\u00e9 pour son parc \u00e9olien \u00e0 La\u00e2youne, <a href=\"https:\/\/www.voltalia.com\/ma\/contacts\">le fran\u00e7ais Voltalia<\/a> entame, enfin, les premiers pas pour un lancement effectif des travaux de construction en 2020.<\/strong><\/p>\n<div class=\"c10\"\/>\n<p>En effet, le groupe bas\u00e9 \u00e0 Paris et qui avait pos\u00e9 son baluchon au Maroc en 2015, vient de cr\u00e9er la structure ad hoc qui devra investir pr\u00e8s d\u2019un milliard de dirhams pour r\u00e9aliser ce projet important d\u2019une capacit\u00e9 de 75 MW et ce, apr\u00e8s avoir lev\u00e9 les derniers obstacles administratifs du processus de permitting (octroi de licences et permis divers, NDLR) pr\u00e9vu dans le cadre de la Loi 13-09 (la seule qui permet de produire au Maroc de l\u2019\u00e9lectricit\u00e9 pour une fin de commercialisation en dehors des appels d\u2019offres de type BOOT de l\u2019ONEE). Un processus somme toute assez long et sinueux, comme le d\u00e9montrent les parcours des deux d\u00e9veloppeurs, le saoudien ACWA (projet Khalladi \u00e0 Tanger d\u2019une capacit\u00e9 de 120 MW et en service depuis 2018) et le fran\u00e7ais Innovent (ferme de Oualidia en phase finale de construction et d\u2019une capacit\u00e9 de 36 MW). D\u00e9nomm\u00e9e Parc Eolien Ghrad Jrad S.A.S, cette entit\u00e9 doit, d\u00e9sormais, signer les fameux PPA (contrats de commercialisation d\u2019\u00e9lectricit\u00e9 avec des clients potentiels) avant de convaincre les bailleurs de fonds d\u2019apporter jusqu\u2019\u00e0 700 ou 750 millions de dirhams en dettes structur\u00e9es, pour financer un tel projet \u00e9nerg\u00e9tique des plus capitalistiques.<\/p>\n<p><strong>Lire aussi | <a href=\"https:\/\/www.challenge.ma\/besoin-de-voix-qui-portent-147702\/\">Maroc : besoin de voix qui portent<\/a><\/strong><\/p>\n<p>En attendant la date de fin 2020 pr\u00e9vue pour lancer les travaux, le groupe Voltalia avance \u00e9galement sur le volet de l\u2019\u00e9nergie hydro\u00e9lectrique apr\u00e8s avoir obtenu les autorisations provisoires pour construire deux centrales hydro\u00e9lectriques de 9,8 MW et 7,2 MW dans le Moyen Atlas, un investissement estim\u00e9, quant \u00e0 lui, \u00e0 pr\u00e8s de 500 millions de dirhams.\u00a0Au niveau international, le groupe est pr\u00e9sent sur trois continents (Europe, Afrique et Am\u00e9rique latine) avec un effectif de pr\u00e8s de 800 salari\u00e9s et un portefeuille d\u2019actifs en production ou en construction de plus de 1.200 MW (dont 82 MW en Afrique entre l\u2019Egypte et le Kenya).<\/p>\n<p><strong>Lire aussi | <a href=\"https:\/\/www.challenge.ma\/maroc-plan-de-relance-non-de-sauvegarde-145507\/\">Maroc : plan de relance, non de sauvegarde !<\/a><\/strong><\/p>\n<div class=\"vw-sticky-sidebar-wrapper vw-sticky-sidebar widget_text awac-wrapper widget_text awac widget custom_html-4 textwidget custom-html-widget\">\n<p class=\"has-background c12\"><span class=\"widget-title c11\">Tribune et D\u00e9bats<\/span><\/p>\n<p>La tribune qui vous parle d\u2019une actu, d\u2019un sujet qui fait d\u00e9bat, les traitent et les analysent. \u00c9conomistes et autres experts, patrons d\u2019entreprises, d\u00e9cideurs, acteurs de la soci\u00e9t\u00e9 civile, s\u2019y prononcent et contribuent \u00e0 sa grande richesse. Vous avez votre opinion, convergente ou diff\u00e9rente. Exprimez-la et mesurez-vous ainsi \u00e0 nos tribuns et d\u00e9batteurs.<\/p>\n<p>Envoyez vos analyses \u00e0 : <a href=\"\/cdn-cgi\/l\/email-protection#197a76776d787a6d597a717875757c777e7c377478\"><span class=\"__cf_email__\" data-cfemail=\"52313d3c2633312612313a333e3e373c35377c3f33\">[email\u00a0protected]<\/span><\/a>, en pr\u00e9cisant votre nom, votre pr\u00e9nom et votre m\u00e9tier.<\/p>\n<\/div>\n<p>Auteur: Amine Amrani<br \/>\n<a href=\"https:\/\/www.challenge.ma\/le-francais-voltalia-franchit-un-nouveau-pas-dans-son-projet-eolien-a-laayoune-147353\/\">Cliquez ici pour lire l&rsquo;article depuis sa source.<\/a><\/p>\n","protected":false},"excerpt":{"rendered":"<p>Trois ans apr\u00e8s avoir obtenu le statut de producteur ind\u00e9pendant d\u2019\u00e9lectricit\u00e9 pour son parc \u00e9olien \u00e0 La\u00e2youne, le fran\u00e7ais Voltalia entame, enfin, les premiers pas pour un lancement effectif des travaux de construction en 2020. En effet, le groupe bas\u00e9 \u00e0 Paris et qui avait pos\u00e9 son baluchon au Maroc en 2015, vient de cr\u00e9er [&hellip;]<\/p>\n","protected":false},"author":1787,"featured_media":0,"comment_status":"closed","ping_status":"closed","sticky":false,"template":"","format":"standard","meta":{"fifu_image_url":"","fifu_image_alt":"","footnotes":""},"categories":[78,54],"tags":[],"class_list":["post-91568","post","type-post","status-publish","format-standard","hentry","category-economie","category-maroc"],"_links":{"self":[{"href":"https:\/\/linitiative.ca\/International\/wp-json\/wp\/v2\/posts\/91568","targetHints":{"allow":["GET"]}}],"collection":[{"href":"https:\/\/linitiative.ca\/International\/wp-json\/wp\/v2\/posts"}],"about":[{"href":"https:\/\/linitiative.ca\/International\/wp-json\/wp\/v2\/types\/post"}],"author":[{"embeddable":true,"href":"https:\/\/linitiative.ca\/International\/wp-json\/wp\/v2\/users\/1787"}],"replies":[{"embeddable":true,"href":"https:\/\/linitiative.ca\/International\/wp-json\/wp\/v2\/comments?post=91568"}],"version-history":[{"count":0,"href":"https:\/\/linitiative.ca\/International\/wp-json\/wp\/v2\/posts\/91568\/revisions"}],"wp:attachment":[{"href":"https:\/\/linitiative.ca\/International\/wp-json\/wp\/v2\/media?parent=91568"}],"wp:term":[{"taxonomy":"category","embeddable":true,"href":"https:\/\/linitiative.ca\/International\/wp-json\/wp\/v2\/categories?post=91568"},{"taxonomy":"post_tag","embeddable":true,"href":"https:\/\/linitiative.ca\/International\/wp-json\/wp\/v2\/tags?post=91568"}],"curies":[{"name":"wp","href":"https:\/\/api.w.org\/{rel}","templated":true}]}}