{"id":91573,"date":"2020-07-07T11:03:30","date_gmt":"2020-07-07T15:03:30","guid":{"rendered":"https:\/\/linitiative.ca\/International\/tunisie-les-deputes-de-tahya-tounes-suspendent-leur-participation-a-la-commission-sur-laffaire-du-conflit-dinterets\/"},"modified":"2020-07-07T11:03:30","modified_gmt":"2020-07-07T15:03:30","slug":"tunisie-les-deputes-de-tahya-tounes-suspendent-leur-participation-a-la-commission-sur-laffaire-du-conflit-dinterets","status":"publish","type":"post","link":"https:\/\/linitiative.ca\/International\/tunisie-les-deputes-de-tahya-tounes-suspendent-leur-participation-a-la-commission-sur-laffaire-du-conflit-dinterets\/","title":{"rendered":"Tunisie: Les d\u00e9put\u00e9s de Tahya Tounes suspendent leur participation \u00e0 la commission sur l\u2019affaire du conflit d\u2019int\u00e9r\u00eats"},"content":{"rendered":"<div class=\"post-cont-in left relative\">\n<p>Le pr\u00e9sident du BlocTahya Tounes, Mustapha Ben Ahmed a annonc\u00e9 que les d\u00e9put\u00e9s de son bloc ont suspendu leur participation aux travaux de la commission d\u2019enqu\u00eate sur les soup\u00e7ons de conflit d\u2019int\u00e9r\u00eats li\u00e9s au chef du gouvernement, Ely\u00e8s Fakhfekh, pour protester contre ce qu\u2019il ont consid\u00e9r\u00e9 comme une mauvaise gestion de la commission.<\/p>\n<div class=\"code-block code-block-1 c3\"><ins class=\"adsbygoogle c2\" data-ad-layout=\"in-article\" data-ad-format=\"fluid\" data-ad-client=\"ca-pub-2102118777505746\" data-ad-slot=\"7301775417\"\/> <\/div>\n<p>Pour sa part, le d\u00e9put\u00e9 Walid Jalled a affirm\u00e9 que la commission est devenue une opportunit\u00e9 de r\u00e9gler les comptes et les conflits politiques.<\/p>\n<div class=\"swp_social_panel swp_horizontal_panel swp_flat_fresh swp_default_full_color swp_individual_full_color swp_other_full_color scale-100 scale-\" data-min-width=\"1100\" data-float-color=\"#ffffff\" data-float=\"bottom\" data-float-mobile=\"bottom\" data-transition=\"slide\">\n<div class=\"nc_tweetContainer swp_share_button total_shares total_sharesalt\"><span class=\"swp_count\">18 <span class=\"swp_label\">Partages<\/span><\/span><\/div>\n<\/div>\n<p><strong>Que se passe-t-il en Tunisie?<\/strong><br \/>Nous expliquons sur notre <a href=\"https:\/\/www.youtube.com\/channel\/UCRzypVq0B_yBad5eGrwBx0Q?sub_confirmation=1\" target=\"_blank\" rel=\"noopener noreferrer\">cha\u00eene YouTube<\/a> . <a href=\"https:\/\/www.youtube.com\/channel\/UCRzypVq0B_yBad5eGrwBx0Q?sub_confirmation=1\" target=\"_blank\" rel=\"noopener noreferrer\">Abonnez-vous!<\/a><\/p>\n<div class=\"mvp-org-wrap mvp-org-logo\" itemprop=\"publisher\" itemscope=\"\" itemtype=\"https:\/\/schema.org\/Organization\"><img decoding=\"async\" src=\"https:\/\/www.tunisienumerique.com\/wp-content\/uploads\/2017\/02\/logo_tunisie_numerique.png\"\/><\/div>\n<div class=\"mvp-related-posts left relative\">\n<h4 class=\"post-header\"><span class=\"post-header\">Lire aussi<\/span><\/h4>\n<\/div>\n<div id=\"article-ad\"><ins class=\"adsbygoogle c4\" data-ad-client=\"ca-pub-2102118777505746\" data-ad-slot=\"6513972734\" data-ad-format=\"auto\" data-full-width-responsive=\"true\"\/> <\/div>\n<\/div>\n<div id=\"post-sidebar-wrap\"><ins class=\"adsbygoogle c4\" data-ad-client=\"ca-pub-2102118777505746\" data-ad-slot=\"6168283410\" data-ad-format=\"auto\" data-full-width-responsive=\"true\"\/> <\/div>\n<p>Auteur: Mourad S<br \/>\n<a href=\"https:\/\/www.tunisienumerique.com\/tunisie-les-deputes-de-tahya-tounes-suspendent-leur-participation-a-la-commission-sur-laffaire-du-conflit-dinterets\/\">Cliquez ici pour lire l&rsquo;article depuis sa source.<\/a><\/p>\n","protected":false},"excerpt":{"rendered":"<p>Le pr\u00e9sident du BlocTahya Tounes, Mustapha Ben Ahmed a annonc\u00e9 que les d\u00e9put\u00e9s de son bloc ont suspendu leur participation aux travaux de la commission d\u2019enqu\u00eate sur les soup\u00e7ons de conflit d\u2019int\u00e9r\u00eats li\u00e9s au chef du gouvernement, Ely\u00e8s Fakhfekh, pour protester contre ce qu\u2019il ont consid\u00e9r\u00e9 comme une mauvaise gestion de la commission. Pour sa [&hellip;]<\/p>\n","protected":false},"author":1789,"featured_media":91574,"comment_status":"closed","ping_status":"closed","sticky":false,"template":"","format":"standard","meta":{"fifu_image_url":"","fifu_image_alt":"","footnotes":""},"categories":[73,55],"tags":[],"class_list":["post-91573","post","type-post","status-publish","format-standard","has-post-thumbnail","hentry","category-actualite","category-tunisie"],"_links":{"self":[{"href":"https:\/\/linitiative.ca\/International\/wp-json\/wp\/v2\/posts\/91573","targetHints":{"allow":["GET"]}}],"collection":[{"href":"https:\/\/linitiative.ca\/International\/wp-json\/wp\/v2\/posts"}],"about":[{"href":"https:\/\/linitiative.ca\/International\/wp-json\/wp\/v2\/types\/post"}],"author":[{"embeddable":true,"href":"https:\/\/linitiative.ca\/International\/wp-json\/wp\/v2\/users\/1789"}],"replies":[{"embeddable":true,"href":"https:\/\/linitiative.ca\/International\/wp-json\/wp\/v2\/comments?post=91573"}],"version-history":[{"count":0,"href":"https:\/\/linitiative.ca\/International\/wp-json\/wp\/v2\/posts\/91573\/revisions"}],"wp:featuredmedia":[{"embeddable":true,"href":"https:\/\/linitiative.ca\/International\/wp-json\/"}],"wp:attachment":[{"href":"https:\/\/linitiative.ca\/International\/wp-json\/wp\/v2\/media?parent=91573"}],"wp:term":[{"taxonomy":"category","embeddable":true,"href":"https:\/\/linitiative.ca\/International\/wp-json\/wp\/v2\/categories?post=91573"},{"taxonomy":"post_tag","embeddable":true,"href":"https:\/\/linitiative.ca\/International\/wp-json\/wp\/v2\/tags?post=91573"}],"curies":[{"name":"wp","href":"https:\/\/api.w.org\/{rel}","templated":true}]}}