{"id":91577,"date":"2020-07-07T11:55:07","date_gmt":"2020-07-07T15:55:07","guid":{"rendered":"https:\/\/linitiative.ca\/International\/tunisie-lugtt-met-en-garde-contre-lutilisation-de-la-violence-contre-les-sit-ineurs-de-al-kamour\/"},"modified":"2020-07-07T11:55:07","modified_gmt":"2020-07-07T15:55:07","slug":"tunisie-lugtt-met-en-garde-contre-lutilisation-de-la-violence-contre-les-sit-ineurs-de-al-kamour","status":"publish","type":"post","link":"https:\/\/linitiative.ca\/International\/tunisie-lugtt-met-en-garde-contre-lutilisation-de-la-violence-contre-les-sit-ineurs-de-al-kamour\/","title":{"rendered":"Tunisie: L\u2019UGTT met en garde contre l\u2019utilisation de la violence contre les sit-ineurs  de Al Kamour"},"content":{"rendered":"<div class=\"post-cont-in left relative\">\n<p>Suite \u00e0 la mise en place de tentes dans la r\u00e9gion d\u2019Al-Kamour pr\u00e8s de la station de pompage, le bureau de l\u2019<a href=\"https:\/\/www.tunisienumerique.com\/tunisie-actualite\/UGTT\/\" title=\"UGTT\" target=\"_top\" class=\"auto-link\" rel=\"noopener noreferrer\">UGTT<\/a> a mis en garde le gouvernement contre l\u2019utilisation de la violence contre les sit-ineurs.<\/p>\n<div class=\"code-block code-block-1 c3\"><ins class=\"adsbygoogle c2\" data-ad-layout=\"in-article\" data-ad-format=\"fluid\" data-ad-client=\"ca-pub-2102118777505746\" data-ad-slot=\"7301775417\"\/> <\/div>\n<p>Dans le m\u00eame communiqu\u00e9, l\u2019UGTT a rappel\u00e9 les \u00e9v\u00e9nements tragiques de 2017, notamment le d\u00e9c\u00e8s de Anouar Sokrafi et la blessure de bon nombre de manifestants.<\/p>\n<p>Il a \u00e9galement mentionn\u00e9 la r\u00e9cente d\u00e9claration du chef de gouvernement selon laquelle le r\u00e8glement des diff\u00e9rends sociaux passe par le dialogue et la n\u00e9gociation et non par la violence.<\/p>\n<p>L\u2019UGTT a, par ailleurs pr\u00e9cis\u00e9 que d\u00e9mant\u00e8lement du sit-in ne se fera que par la mise en \u0153uvre de l\u2019accord d\u2019Al Kamour et l\u2019ouverture de n\u00e9gociations.<\/p>\n<div class=\"swp_social_panel swp_horizontal_panel swp_flat_fresh swp_default_full_color swp_individual_full_color swp_other_full_color scale-100 scale-\" data-min-width=\"1100\" data-float-color=\"#ffffff\" data-float=\"bottom\" data-float-mobile=\"bottom\" data-transition=\"slide\">\n<div class=\"nc_tweetContainer swp_share_button total_shares total_sharesalt\"><span class=\"swp_count\">7 <span class=\"swp_label\">Partages<\/span><\/span><\/div>\n<\/div>\n<p><strong>Que se passe-t-il en Tunisie?<\/strong><br \/>Nous expliquons sur notre <a href=\"https:\/\/www.youtube.com\/channel\/UCRzypVq0B_yBad5eGrwBx0Q?sub_confirmation=1\" target=\"_blank\" rel=\"noopener noreferrer\">cha\u00eene YouTube<\/a> . <a href=\"https:\/\/www.youtube.com\/channel\/UCRzypVq0B_yBad5eGrwBx0Q?sub_confirmation=1\" target=\"_blank\" rel=\"noopener noreferrer\">Abonnez-vous!<\/a><\/p>\n<div class=\"mvp-org-wrap mvp-org-logo\" itemprop=\"publisher\" itemscope=\"\" itemtype=\"https:\/\/schema.org\/Organization\"><img decoding=\"async\" src=\"https:\/\/www.tunisienumerique.com\/wp-content\/uploads\/2017\/02\/logo_tunisie_numerique.png\"\/><\/div>\n<div class=\"mvp-related-posts left relative\">\n<h4 class=\"post-header\"><span class=\"post-header\">Lire aussi<\/span><\/h4>\n<\/div>\n<div id=\"article-ad\"><ins class=\"adsbygoogle c4\" data-ad-client=\"ca-pub-2102118777505746\" data-ad-slot=\"6513972734\" data-ad-format=\"auto\" data-full-width-responsive=\"true\"\/> <\/div>\n<\/div>\n<div id=\"post-sidebar-wrap\"><ins class=\"adsbygoogle c4\" data-ad-client=\"ca-pub-2102118777505746\" data-ad-slot=\"6168283410\" data-ad-format=\"auto\" data-full-width-responsive=\"true\"\/> <\/div>\n<p>Auteur: sabrine hamouda<br \/>\n<a href=\"https:\/\/www.tunisienumerique.com\/tunisie-lugtt-met-en-garde-contre-lutilisation-de-la-violence-contre-les-sit-ineurs-de-al-kamour\/\">Cliquez ici pour lire l&rsquo;article depuis sa source.<\/a><\/p>\n","protected":false},"excerpt":{"rendered":"<p>Suite \u00e0 la mise en place de tentes dans la r\u00e9gion d\u2019Al-Kamour pr\u00e8s de la station de pompage, le bureau de l\u2019UGTT a mis en garde le gouvernement contre l\u2019utilisation de la violence contre les sit-ineurs. Dans le m\u00eame communiqu\u00e9, l\u2019UGTT a rappel\u00e9 les \u00e9v\u00e9nements tragiques de 2017, notamment le d\u00e9c\u00e8s de Anouar Sokrafi et [&hellip;]<\/p>\n","protected":false},"author":1789,"featured_media":91578,"comment_status":"closed","ping_status":"closed","sticky":false,"template":"","format":"standard","meta":{"fifu_image_url":"","fifu_image_alt":"","footnotes":""},"categories":[73,55],"tags":[],"class_list":["post-91577","post","type-post","status-publish","format-standard","has-post-thumbnail","hentry","category-actualite","category-tunisie"],"_links":{"self":[{"href":"https:\/\/linitiative.ca\/International\/wp-json\/wp\/v2\/posts\/91577","targetHints":{"allow":["GET"]}}],"collection":[{"href":"https:\/\/linitiative.ca\/International\/wp-json\/wp\/v2\/posts"}],"about":[{"href":"https:\/\/linitiative.ca\/International\/wp-json\/wp\/v2\/types\/post"}],"author":[{"embeddable":true,"href":"https:\/\/linitiative.ca\/International\/wp-json\/wp\/v2\/users\/1789"}],"replies":[{"embeddable":true,"href":"https:\/\/linitiative.ca\/International\/wp-json\/wp\/v2\/comments?post=91577"}],"version-history":[{"count":0,"href":"https:\/\/linitiative.ca\/International\/wp-json\/wp\/v2\/posts\/91577\/revisions"}],"wp:featuredmedia":[{"embeddable":true,"href":"https:\/\/linitiative.ca\/International\/wp-json\/"}],"wp:attachment":[{"href":"https:\/\/linitiative.ca\/International\/wp-json\/wp\/v2\/media?parent=91577"}],"wp:term":[{"taxonomy":"category","embeddable":true,"href":"https:\/\/linitiative.ca\/International\/wp-json\/wp\/v2\/categories?post=91577"},{"taxonomy":"post_tag","embeddable":true,"href":"https:\/\/linitiative.ca\/International\/wp-json\/wp\/v2\/tags?post=91577"}],"curies":[{"name":"wp","href":"https:\/\/api.w.org\/{rel}","templated":true}]}}