{"id":91581,"date":"2020-07-07T16:18:02","date_gmt":"2020-07-07T20:18:02","guid":{"rendered":"https:\/\/linitiative.ca\/International\/nouveau-gouvernement-francais\/"},"modified":"2020-07-07T16:18:02","modified_gmt":"2020-07-07T20:18:02","slug":"nouveau-gouvernement-francais","status":"publish","type":"post","link":"https:\/\/linitiative.ca\/International\/nouveau-gouvernement-francais\/","title":{"rendered":"NOUVEAU GOUVERNEMENT FRAN\u00c7AIS"},"content":{"rendered":"<div class=\"stream-item stream-item-above-post-content\">\n<p><noscript><\/p>\n<p><a href=\"\/\/www3.smartadserver.com\/ac?jump=1&amp;nwid=2136&amp;siteid=240610&amp;pgname=rg&amp;fmtid=49046&amp;visit=m&amp;tmstp=[timestamp]&amp;out=nonrich\" target=\"_blank\" rel=\"noopener noreferrer\"><img decoding=\"async\" src=\"http:\/\/www3.smartadserver.com\/ac?out=nonrich&amp;nwid=2136&amp;siteid=240610&amp;pgname=rg&amp;fmtid=49046&amp;visit=m&amp;tmstp=[timestamp]\" border=\"0\" alt=\"\"\/><\/a><\/p>\n<p><\/noscript><\/div>\n<p class=\"c3\"><em>Nomm\u00e9 le 3 juillet dernier en remplacement d\u2019Edouard Philipe, le Premier ministre fran\u00e7ais, Jean Castex, n\u2019aura pas mis plus de soixante-douze heures pour d\u00e9voiler la composition des membres de son gouvernement. En effet, en plus du d\u00e9part de ceux que l\u2019on consid\u00e8re comme des macroniens que sont Christophe Castaner et Sibeth Ndiaye, qui fait couler beaucoup d\u2019encre et de salive, il y a la taille de ce nouvel Ex\u00e9cutif qui retient l\u2019attention des uns et des autres. Surtout vu d\u2019Afrique o\u00f9 le plus souvent, l\u2019on a affaire \u00e0 des gouvernements pl\u00e9thoriques avec pour seul objectif de \u00ab\u00a0caser\u00a0\u00bb des amis ou des copains. Pas plus\u00a0! En tout cas, le nouveau chef du gouvernement fran\u00e7ais a choisi de s\u2019attacher les services de 31 hommes et femmes qui ont de nombreux d\u00e9fis \u00e0 relever, surtout dans ce contexte de crise \u00e9conomique provoqu\u00e9e par la pand\u00e9mie \u00e0 coronavirus. C\u2019est dire si le gouvernement fran\u00e7ais a du pain sur la planche puisqu\u2019il lui appartient de travailler \u00e0 redonner confiance aux Fran\u00e7ais et Fran\u00e7aises dont beaucoup, du fait du Covid-19, ont perdu leur boulot. Comme on le dit, ce n\u2019est pas le nombre qui fait le travail. Bien au contraire\u00a0! Pour peu que l\u2019on ait des hommes et des femmes engag\u00e9s, un gouvernement, m\u00eame tr\u00e8s resserr\u00e9, peut faire bouger des montagnes. En plus de la France, c\u2019est le cas des Etats-Unis ou tr\u00e8s souvent, l\u2019on a affaire \u00e0 un Ex\u00e9cutif d\u2019au maximum vingt personnes mais qui, de par ses actions sur le terrain, fait parler de lui, m\u00eame au-del\u00e0 des fronti\u00e8res.<\/em><\/p>\n<p class=\"c3\"><strong><em>La RDC n\u2019est pas le seul pays du continent qui dispose d\u2019un gouvernement \u00e9l\u00e9phantesque<\/em><\/strong><\/p>\n<p class=\"c3\"><em>Ce qui est loin d\u2019\u00eatre le cas en Afrique o\u00f9 certains ministres oublient parfois pourquoi ils ont \u00e9t\u00e9 nomm\u00e9s puisqu\u2019ils se retrouvent m\u00eame sans portefeuille. Et ce n\u2019est pas tout. Car, ils sont nombreux, les ministres qui se retrouvent en train de se marcher dessus ; tant ils jouent pratiquement les m\u00eames r\u00f4les. C\u2019est tout simplement contreproductif. C\u2019est le cas, par exemple, de la R\u00e9publique d\u00e9mocratique du Congo (RDC) o\u00f9 l\u2019on a une \u00e9quipe gouvernementale forte de 66 membres mais qui, dans la pratique, ne fait pas grand-chose, si ce n\u2019est participer au traditionnel Conseil des ministres. Pire, certains de ces ministres, en dehors de la capitale Kinshasa, ne savent pas o\u00f9 se situent le Kivu ni l\u2019Ituri a fortiori se sentir concern\u00e9s par ce qui se passe dans ces deux localit\u00e9s constamment en proie \u00e0 des violences perp\u00e9tr\u00e9es par des groupes arm\u00e9s. Toutefois, la RDC n\u2019est pas le seul pays du continent qui dispose d\u2019un gouvernement \u00e9l\u00e9phantesque. Loin de l\u00e0\u00a0! Il en existe beaucoup d\u2019autres qu\u2019il serait fastidieux de vouloir citer exhaustivement au risque d\u2019en perdre l\u2019haleine. Seulement, l\u2019on souhaite que l\u2019exemple que vient de donner la France qui est, quoi qu\u2019on dise, une grande puissance, puisse inspirer bien des dirigeants du continent.<\/em><\/p>\n<p class=\"c3\"><strong><em>B.O<\/em><\/strong><\/p>\n<p>Auteur: Le Pays<br \/>\n<a href=\"http:\/\/lepays.bf\/nouveau-gouvernement-francais\/\">Cliquez ici pour lire l&rsquo;article depuis sa source.<\/a><\/p>\n","protected":false},"excerpt":{"rendered":"<p>Nomm\u00e9 le 3 juillet dernier en remplacement d\u2019Edouard Philipe, le Premier ministre fran\u00e7ais, Jean Castex, n\u2019aura pas mis plus de soixante-douze heures pour d\u00e9voiler la composition des membres de son gouvernement. En effet, en plus du d\u00e9part de ceux que l\u2019on consid\u00e8re comme des macroniens que sont Christophe Castaner et Sibeth Ndiaye, qui fait couler [&hellip;]<\/p>\n","protected":false},"author":1813,"featured_media":0,"comment_status":"closed","ping_status":"closed","sticky":false,"template":"","format":"standard","meta":{"fifu_image_url":"","fifu_image_alt":"","footnotes":""},"categories":[73,81],"tags":[],"class_list":["post-91581","post","type-post","status-publish","format-standard","hentry","category-actualite","category-burkina-faso"],"_links":{"self":[{"href":"https:\/\/linitiative.ca\/International\/wp-json\/wp\/v2\/posts\/91581","targetHints":{"allow":["GET"]}}],"collection":[{"href":"https:\/\/linitiative.ca\/International\/wp-json\/wp\/v2\/posts"}],"about":[{"href":"https:\/\/linitiative.ca\/International\/wp-json\/wp\/v2\/types\/post"}],"author":[{"embeddable":true,"href":"https:\/\/linitiative.ca\/International\/wp-json\/wp\/v2\/users\/1813"}],"replies":[{"embeddable":true,"href":"https:\/\/linitiative.ca\/International\/wp-json\/wp\/v2\/comments?post=91581"}],"version-history":[{"count":0,"href":"https:\/\/linitiative.ca\/International\/wp-json\/wp\/v2\/posts\/91581\/revisions"}],"wp:attachment":[{"href":"https:\/\/linitiative.ca\/International\/wp-json\/wp\/v2\/media?parent=91581"}],"wp:term":[{"taxonomy":"category","embeddable":true,"href":"https:\/\/linitiative.ca\/International\/wp-json\/wp\/v2\/categories?post=91581"},{"taxonomy":"post_tag","embeddable":true,"href":"https:\/\/linitiative.ca\/International\/wp-json\/wp\/v2\/tags?post=91581"}],"curies":[{"name":"wp","href":"https:\/\/api.w.org\/{rel}","templated":true}]}}