{"id":91582,"date":"2020-07-07T16:21:43","date_gmt":"2020-07-07T20:21:43","guid":{"rendered":"https:\/\/linitiative.ca\/International\/demande-devacuation-sanitaire-du-general-mokoko\/"},"modified":"2020-07-07T16:21:43","modified_gmt":"2020-07-07T20:21:43","slug":"demande-devacuation-sanitaire-du-general-mokoko","status":"publish","type":"post","link":"https:\/\/linitiative.ca\/International\/demande-devacuation-sanitaire-du-general-mokoko\/","title":{"rendered":"DEMANDE D\u2019EVACUATION SANITAIRE DU GENERAL MOKOKO"},"content":{"rendered":"<div class=\"stream-item stream-item-above-post-content\">\n<p><noscript><\/p>\n<p><a href=\"\/\/www3.smartadserver.com\/ac?jump=1&amp;nwid=2136&amp;siteid=240610&amp;pgname=rg&amp;fmtid=49046&amp;visit=m&amp;tmstp=[timestamp]&amp;out=nonrich\" target=\"_blank\" rel=\"noopener noreferrer\"><img decoding=\"async\" src=\"http:\/\/www3.smartadserver.com\/ac?out=nonrich&amp;nwid=2136&amp;siteid=240610&amp;pgname=rg&amp;fmtid=49046&amp;visit=m&amp;tmstp=[timestamp]\" border=\"0\" alt=\"\"\/><\/a><\/p>\n<p><\/noscript><\/div>\n<p class=\"c3\"><em>La sant\u00e9 de l\u2019opposant congolais, le g\u00e9n\u00e9ral Jean-Marie Mokoko, semble pr\u00e9occuper tr\u00e8s peu le pr\u00e9sident Denis Sassou Nguesso. En effet, en d\u00e9pit des supplications de sa famille, l\u2019opposant de 73 ans reste hospitalis\u00e9 \u00e0 Brazzaville. Et ce n\u2019est pas tout. Des voix et pas des moindres, notamment celles de l\u2019ONU et de bien des pays africains, s\u2019\u00e9l\u00e8vent de plus en plus pour r\u00e9clamer l\u2019\u00e9vacuation sanitaire de ce septuag\u00e9naire qui, contrairement \u00e0 la premi\u00e8re th\u00e8se, ne souffre pas du Covid-19 mais plut\u00f4t de crise de paludisme aigu\u00eb aggrav\u00e9e par l\u2019hypertension qu\u2019il tra\u00eene depuis plusieurs ann\u00e9es. Mais tout cela ne semble pas \u00e9mouvoir outre mesure le pouvoir de Brazzaville qui, jusque-l\u00e0, \u00e9vite le sujet. C\u2019est \u00e0 se demander si les dictateurs n\u2019ont pas une pierre \u00e0 la place du c\u0153ur. Sinon, comment peut-on rester indiff\u00e9rent face \u00e0 l\u2019\u00e9tat de sant\u00e9 d\u2019un vieillard que l\u2019on dit \u00e0 l\u2019article de la mort? Denis Sassou Nguesso veut-il obtenir ce qu\u2019il n\u2019a pas pu r\u00e9aliser par la Justice, c\u2019est-\u00e0-dire la mort de son ancien bras droit devenu opposant\u00a0? En tout cas, son attitude ach\u00e8ve de convaincre qu\u2019il veut cet opposant plut\u00f4t mort que vivant. Or, le seul crime de ce dernier, en r\u00e9alit\u00e9, c\u2019est d\u2019avoir lorgn\u00e9 le fauteuil du dictateur en se portant candidat \u00e0 la pr\u00e9sidentielle de 2016. C\u2019est depuis cette date que la descente aux enfers a commenc\u00e9 pour lui puisqu\u2019apr\u00e8s s\u2019\u00eatre fait r\u00e9\u00e9lire pour un 3e mandat, dans les conditions que l\u2019on sait, Sassou, en bon dictateur, a jet\u00e9 son rival en prison pour tentative de coup d\u2019Etat. Et c\u2019est peu dire que c\u2019est la marque de fabrique des dictateurs. Ils ne supportent pas la contestation et tous ceux qui daignent lever le petit doigt pour critiquer leur r\u00e9gime, sont jet\u00e9s en prison s\u2019ils ne sont pas purement et simplement trucid\u00e9s. En tout cas, Sassou voudrait laisser mourir \u00e0 petit feu son plus farouche adversaire qu\u2019il ne s\u2019y prendrait pas autrement.<\/em><\/p>\n<p class=\"c3\"><strong><em>Des disparus du Beach aux oubli\u00e9s du Pool en passant par les martyrs de Mpila, c\u2019est une longue et macabre liste de cadavres que Sassou aura servie au peuple congolais<\/em><\/strong><\/p>\n<p class=\"c3\"><em>C\u2019est d\u2019autant plus vrai qu\u2019il n\u2019a jamais eu le moindre \u00e9gard vis-\u00e0-vis de ce prisonnier. Tant et si bien que toutes ses demandes de mise en libert\u00e9 provisoire, sont rest\u00e9es sans suite. On se rappelle qu\u2019en 2018, le groupe d\u2019experts de l\u2019ONU sur les d\u00e9tentions arbitraires, avait ordonn\u00e9 sa \u00ab\u00a0lib\u00e9ration imm\u00e9diate et sans conditions\u00a0\u00bb. Une demande que le prince r\u00e9gnant de Brazza avait royalement ignor\u00e9e. Autant dire que Sassou ne fait plus myst\u00e8re de sa volont\u00e9 de faire dispara\u00eetre cet opposant au sens propre comme au figur\u00e9. On est d\u2019autant plus fond\u00e9 \u00e0 le penser que tant que l\u2019on ne mettra pas suffisamment la pression sur le dictateur, aucun ordre d\u2019\u00e9vacuation sanitaire \u00e0 l\u2019\u00e9tranger ne sera donn\u00e9 pour sauver le soldat Mokoko. C\u2019est pourquoi il faut exhorter les Congolais et la communaut\u00e9 internationale, \u00e0 \u00e9lever davantage la voix contre ce crime en perspective. Les placards de Sassou ne sont-ils pas suffisamment remplis de cadavres? Peut-on continuer d\u2019assister impuissamment aux d\u00e9rives du satrape\u00a0? Il est temps d\u2019y mettre le hol\u00e0. Car, c\u2019est la d\u00e9mocratie qu\u2019il cherche \u00e0 assassiner. Et cela ne saurait \u00eatre acceptable. Laisser mourir le g\u00e9n\u00e9ral Mokoko, c\u2019est cautionner d\u2019une certaine mani\u00e8re l\u2019impunit\u00e9 qui a toujours caract\u00e9ris\u00e9 le long r\u00e8gne sans partage de Sassou. Vite donc une solution pour sauver le g\u00e9n\u00e9ral Mokoko qui se retrouve dans les serres d\u2019un autocrate sanguinaire. Et c\u2019est peu dire! En effet, des disparus du Beach aux oubli\u00e9s du Pool en passant par les martyrs de Mpila, c\u2019est une longue et macabre liste de cadavres que Sassou aura servie au peuple congolais en pr\u00e8s d\u2019un demi-si\u00e8cle de r\u00e8gne. Laisser mourir Mokoko dans ces conditions, serait le crime de trop.<\/em><\/p>\n<p class=\"c3\"><strong><em>Dabadi ZOUMBARA<\/em><\/strong><\/p>\n<p>Auteur: Le Pays<br \/>\n<a href=\"http:\/\/lepays.bf\/demande-devacuation-sanitaire-du-general-mokoko-2\/\">Cliquez ici pour lire l&rsquo;article depuis sa source.<\/a><\/p>\n","protected":false},"excerpt":{"rendered":"<p>La sant\u00e9 de l\u2019opposant congolais, le g\u00e9n\u00e9ral Jean-Marie Mokoko, semble pr\u00e9occuper tr\u00e8s peu le pr\u00e9sident Denis Sassou Nguesso. En effet, en d\u00e9pit des supplications de sa famille, l\u2019opposant de 73 ans reste hospitalis\u00e9 \u00e0 Brazzaville. Et ce n\u2019est pas tout. Des voix et pas des moindres, notamment celles de l\u2019ONU et de bien des pays [&hellip;]<\/p>\n","protected":false},"author":1813,"featured_media":0,"comment_status":"closed","ping_status":"closed","sticky":false,"template":"","format":"standard","meta":{"fifu_image_url":"","fifu_image_alt":"","footnotes":""},"categories":[73,81],"tags":[],"class_list":["post-91582","post","type-post","status-publish","format-standard","hentry","category-actualite","category-burkina-faso"],"_links":{"self":[{"href":"https:\/\/linitiative.ca\/International\/wp-json\/wp\/v2\/posts\/91582","targetHints":{"allow":["GET"]}}],"collection":[{"href":"https:\/\/linitiative.ca\/International\/wp-json\/wp\/v2\/posts"}],"about":[{"href":"https:\/\/linitiative.ca\/International\/wp-json\/wp\/v2\/types\/post"}],"author":[{"embeddable":true,"href":"https:\/\/linitiative.ca\/International\/wp-json\/wp\/v2\/users\/1813"}],"replies":[{"embeddable":true,"href":"https:\/\/linitiative.ca\/International\/wp-json\/wp\/v2\/comments?post=91582"}],"version-history":[{"count":0,"href":"https:\/\/linitiative.ca\/International\/wp-json\/wp\/v2\/posts\/91582\/revisions"}],"wp:attachment":[{"href":"https:\/\/linitiative.ca\/International\/wp-json\/wp\/v2\/media?parent=91582"}],"wp:term":[{"taxonomy":"category","embeddable":true,"href":"https:\/\/linitiative.ca\/International\/wp-json\/wp\/v2\/categories?post=91582"},{"taxonomy":"post_tag","embeddable":true,"href":"https:\/\/linitiative.ca\/International\/wp-json\/wp\/v2\/tags?post=91582"}],"curies":[{"name":"wp","href":"https:\/\/api.w.org\/{rel}","templated":true}]}}