{"id":91583,"date":"2020-07-07T16:28:19","date_gmt":"2020-07-07T20:28:19","guid":{"rendered":"https:\/\/linitiative.ca\/International\/primaires-au-pdci-rda\/"},"modified":"2020-07-07T16:28:19","modified_gmt":"2020-07-07T20:28:19","slug":"primaires-au-pdci-rda","status":"publish","type":"post","link":"https:\/\/linitiative.ca\/International\/primaires-au-pdci-rda\/","title":{"rendered":"PRIMAIRES AU PDCI-RDA"},"content":{"rendered":"<div class=\"stream-item stream-item-above-post-content\">\n<p><noscript><\/p>\n<p><a href=\"\/\/www3.smartadserver.com\/ac?jump=1&amp;nwid=2136&amp;siteid=240610&amp;pgname=rg&amp;fmtid=49046&amp;visit=m&amp;tmstp=[timestamp]&amp;out=nonrich\" target=\"_blank\" rel=\"noopener noreferrer\"><img decoding=\"async\" src=\"http:\/\/www3.smartadserver.com\/ac?out=nonrich&amp;nwid=2136&amp;siteid=240610&amp;pgname=rg&amp;fmtid=49046&amp;visit=m&amp;tmstp=[timestamp]\" border=\"0\" alt=\"\"\/><\/a><\/p>\n<p><\/noscript><\/div>\n<p class=\"c3\"><em>Les primaires au sein du Parti d\u00e9mocratique de C\u00f4te d\u2019Ivoire-Rassemblement d\u00e9mocratique africain (PDCI-RDA) risquent de fissurer davantage ce parti. En effet, l\u2019homme aux grandes ambitions, Kouadio Konan Bertin, connu sous le nom de KKB, ne dig\u00e8re pas le rejet de sa candidature par le comit\u00e9 des candidatures. Mieux, il entend introduire un recours aupr\u00e8s des instances habilit\u00e9es du parti afin d\u2019obtenir gain de cause. Et comme si cela ne suffisait pas, il menace de se pr\u00e9senter en ind\u00e9pendant \u00e0 la pr\u00e9sidentielle d\u2019octobre prochain. Preuve, s\u2019il en est, que ce monsieur qui se r\u00eave d\u2019un destin national, n\u2019entend pas ouvrir un boulevard au vieux Henri Konan B\u00e9di\u00e9 (HKB). Et il faut saluer le courage et la t\u00e9nacit\u00e9 de KKB d\u2019autant plus que ce n\u2019est pas la premi\u00e8re fois qu\u2019il fait preuve de r\u00e9silience face au Sphinx de Daoukro. On se rappelle qu\u2019il s\u2019\u00e9tait pr\u00e9sent\u00e9 \u00e0 la pr\u00e9sidentielle de 2015 en ind\u00e9pendant, parce qu\u2019il \u00e9tait farouchement oppos\u00e9 \u00e0 l\u2019Appel de Daoukro qui insinuait que le PDCI-RDA n\u2019align\u00e2t pas un candidat contre Alassane Ouattara cette ann\u00e9e-l\u00e0. Ce jeune loup aux dents ac\u00e9r\u00e9es est, sans conteste, le poil \u00e0 gratter de B\u00e9di\u00e9. En tout cas, il dit haut ce que d\u2019aucuns pensent bas au sein du parti. Et c\u2019est tant mieux pour la d\u00e9mocratie interne. En fait, la loyaut\u00e9 dont beaucoup de cadres du PDCI-RDA, font preuve \u00e0 l\u2019\u00e9gard de l\u2019octog\u00e9naire, ne devrait pas les emp\u00eacher d\u2019exprimer leurs points de vues. Ne dit-on pas que c\u2019est \u00e0 l\u2019aune de la contradiction que se mesure la vitalit\u00e9 d\u00e9mocratique au sein d\u2019un parti? C\u2019est dire si KKB est dans son bon droit. Le seul b\u00e9mol que l\u2019on pourrait \u00e9mettre, c\u2019est qu\u2019il aurait d\u00fb, en amont, contester les crit\u00e8res de d\u00e9signation d\u2019autant plus que ceux-ci semblaient d\u00e9j\u00e0 taill\u00e9s sur mesure.<\/em><\/p>\n<p class=\"c3\"><strong><em>S\u2019il garde toujours ses ivoires, il n\u2019en demeure pas moins que le parti de l\u2019El\u00e9phant peine \u00e0 marcher droit<\/em><\/strong><\/p>\n<p class=\"c3\"><em>En ruant aujourd\u2019hui dans les brancards alors qu\u2019il se savait \u00e9limin\u00e9 d\u2019office, du fait de ces crit\u00e8res, KKB fait preuve d\u2019incoh\u00e9rence. Toutefois, cela n\u2019enl\u00e8ve rien \u00e0 la pertinence de son combat. On est d\u2019autant plus fond\u00e9 \u00e0 le penser qu\u2019il s\u2019agit d\u2019une bataille pour l\u2019alternance au sein du PDCI-RDA. A 86 ans, Henri Konan B\u00e9di\u00e9 devrait, en principe, faire valoir ses droits \u00e0 la retraite et laisser la jeune g\u00e9n\u00e9ration d\u00e9fendre les couleurs du PDCI-RDA. Mais contre vents et mar\u00e9es, cet octog\u00e9naire qui aura tout gagn\u00e9 dans la vie, notamment pour avoir dirig\u00e9 la C\u00f4te d\u2019Ivoire de 1993 \u00e0 1999, refuse de passer la main. On peut, certes, comprendre qu\u2019un KKB face \u00e0 Amadou Gon Coulibaly et \u00e0 sa grosse machine, ce ne soit pas une mince affaire pour le militant du PDCI. Mais cela peut-il \u00eatre suffisant pour que HKB s\u2019oppose \u00e0 l\u2019alternance au sein de son parti\u00a0? En adoptant une telle posture, HKB court le risque de vendanger l\u2019h\u00e9ritage de ce vieux parti de C\u00f4te d\u2019Ivoire. Du reste, que reste-t-il aujourd\u2019hui du parti de l\u2019El\u00e9phant? S\u2019il garde toujours ses ivoires, il n\u2019en demeure pas moins qu\u2019il peine \u00e0 marcher droit. C\u2019est dire si B\u00e9di\u00e9 a tout int\u00e9r\u00eat \u00e0 \u00e9couter la jeunesse. Car, tout porte \u00e0 croire que les secousses auxquelles l\u2019on assiste, pourraient affaiblir davantage le parti. Et c\u2019est peu dire que c\u2019est le RHDP, qui promet de lui faire mordre la poussi\u00e8re, qui se frottera les mains. B\u00e9di\u00e9 souhaite-t-il vraiment que le PDCI-RDA lui survive? C\u2019est la question qui taraude bien des esprits.<\/em><\/p>\n<p class=\"c3\"><em><strong>Dabadi ZOUMBARA<\/strong><\/em><\/p>\n<p>Auteur: Le Pays<br \/>\n<a href=\"http:\/\/lepays.bf\/primaires-au-pdci-rda\/\">Cliquez ici pour lire l&rsquo;article depuis sa source.<\/a><\/p>\n","protected":false},"excerpt":{"rendered":"<p>Les primaires au sein du Parti d\u00e9mocratique de C\u00f4te d\u2019Ivoire-Rassemblement d\u00e9mocratique africain (PDCI-RDA) risquent de fissurer davantage ce parti. En effet, l\u2019homme aux grandes ambitions, Kouadio Konan Bertin, connu sous le nom de KKB, ne dig\u00e8re pas le rejet de sa candidature par le comit\u00e9 des candidatures. Mieux, il entend introduire un recours aupr\u00e8s des [&hellip;]<\/p>\n","protected":false},"author":1813,"featured_media":0,"comment_status":"closed","ping_status":"closed","sticky":false,"template":"","format":"standard","meta":{"fifu_image_url":"","fifu_image_alt":"","footnotes":""},"categories":[73,81],"tags":[],"class_list":["post-91583","post","type-post","status-publish","format-standard","hentry","category-actualite","category-burkina-faso"],"_links":{"self":[{"href":"https:\/\/linitiative.ca\/International\/wp-json\/wp\/v2\/posts\/91583","targetHints":{"allow":["GET"]}}],"collection":[{"href":"https:\/\/linitiative.ca\/International\/wp-json\/wp\/v2\/posts"}],"about":[{"href":"https:\/\/linitiative.ca\/International\/wp-json\/wp\/v2\/types\/post"}],"author":[{"embeddable":true,"href":"https:\/\/linitiative.ca\/International\/wp-json\/wp\/v2\/users\/1813"}],"replies":[{"embeddable":true,"href":"https:\/\/linitiative.ca\/International\/wp-json\/wp\/v2\/comments?post=91583"}],"version-history":[{"count":0,"href":"https:\/\/linitiative.ca\/International\/wp-json\/wp\/v2\/posts\/91583\/revisions"}],"wp:attachment":[{"href":"https:\/\/linitiative.ca\/International\/wp-json\/wp\/v2\/media?parent=91583"}],"wp:term":[{"taxonomy":"category","embeddable":true,"href":"https:\/\/linitiative.ca\/International\/wp-json\/wp\/v2\/categories?post=91583"},{"taxonomy":"post_tag","embeddable":true,"href":"https:\/\/linitiative.ca\/International\/wp-json\/wp\/v2\/tags?post=91583"}],"curies":[{"name":"wp","href":"https:\/\/api.w.org\/{rel}","templated":true}]}}