{"id":91584,"date":"2020-07-07T16:52:00","date_gmt":"2020-07-07T20:52:00","guid":{"rendered":"https:\/\/linitiative.ca\/International\/mission-de-sensibilisation-en-ituri-sur-fond-de-secession-au-sud-kivu\/"},"modified":"2020-07-07T16:52:00","modified_gmt":"2020-07-07T20:52:00","slug":"mission-de-sensibilisation-en-ituri-sur-fond-de-secession-au-sud-kivu","status":"publish","type":"post","link":"https:\/\/linitiative.ca\/International\/mission-de-sensibilisation-en-ituri-sur-fond-de-secession-au-sud-kivu\/","title":{"rendered":"MISSION DE SENSIBILISATION EN ITURI SUR FOND DE SECESSION AU SUD-KIVU"},"content":{"rendered":"<div class=\"stream-item stream-item-above-post-content\">\n<p><noscript><\/p>\n<p><a href=\"\/\/www3.smartadserver.com\/ac?jump=1&amp;nwid=2136&amp;siteid=240610&amp;pgname=rg&amp;fmtid=49046&amp;visit=m&amp;tmstp=[timestamp]&amp;out=nonrich\" target=\"_blank\" rel=\"noopener noreferrer\"><img decoding=\"async\" src=\"http:\/\/www3.smartadserver.com\/ac?out=nonrich&amp;nwid=2136&amp;siteid=240610&amp;pgname=rg&amp;fmtid=49046&amp;visit=m&amp;tmstp=[timestamp]\" border=\"0\" alt=\"\"\/><\/a><\/p>\n<p><\/noscript><\/div>\n<p class=\"c3\"><em>Des rebelles pour convaincre d\u2019autres rebelles \u00e0 d\u00e9poser les armes. C\u2019est le choix qu\u2019a fait le pr\u00e9sident congolais, F\u00e9lix Tshis\u00e9k\u00e9di, qui vient de d\u00e9p\u00eacher une mission compos\u00e9e d\u2019anciens seigneurs de guerre en Ituri, du nom de cette partie de la R\u00e9publique d\u00e9mocratique du Congo (RDC) en proie \u00e0 des actes de violences. L\u2019objectif de ces missi dominici d\u2019un genre nouveau, est de convaincre la milice CODECO de d\u00e9poser les armes pour enfin entrer dans la R\u00e9publique. Parmi les dignitaires envoy\u00e9s en Ituri, on compte Germain Katanga lib\u00e9r\u00e9 apr\u00e8s dix ans aux mains de la Cour p\u00e9nale internationale (CPI) qui l\u2019a reconnu coupable de crimes contre l\u2019humanit\u00e9 et quatre autres chefs d\u2019accusations de crimes de guerre. Et ce n\u2019est pas tout. Car, \u00e0 ses c\u00f4t\u00e9s, il y a \u00e9galement Matthieu Ngudjiolo Chui qui, apr\u00e8s quelques ann\u00e9es de captivit\u00e9, a \u00e9t\u00e9 acquitt\u00e9 par la CPI qui le poursuivait pour son implication pr\u00e9sum\u00e9e dans le massacre de Bogoro. Ces deux personnages \u00e0 la r\u00e9putation sulfureuse sont assist\u00e9s de Floribert Ndjabu, Pichou Iribi Mbodina et Mateso Nyinga qui sont tous accus\u00e9s d\u2019assassinats de Casques bleus en Ituri et qui auront pass\u00e9 pr\u00e8s de 15 ans de r\u00e9clusion criminelle sans proc\u00e8s. En envoyant donc des anciens chefs de guerre pr\u00eacher la paix, le pr\u00e9sident Tshis\u00e9k\u00e9di envoie un signal fort aux diff\u00e9rents groupes arm\u00e9s qui \u00e9cument la r\u00e9gion de l\u2019Ituri.<\/em><\/p>\n<p class=\"c3\"><strong><em>Connus ou pas, ces ind\u00e9pendantistes tapis dans l\u2019ombre ont pour projet de d\u00e9stabiliser davantage la RDC<\/em><\/strong><\/p>\n<p class=\"c3\"><em>C\u2019est une mani\u00e8re de leur dire qu\u2019ils n\u2019ont pas le monopole de la violence et qu\u2019aujourd\u2019hui plus qu\u2019hier, les armes ne sont pas b\u00e9n\u00e9fiques. Seule vaut la paix. Seulement, la milice CODECO saura-t-elle d\u00e9crypter ce message et accepter la main tendue du chef de l\u2019Etat\u00a0? On attend de voir. Mais \u00e0 supposer m\u00eame que la milice CODECO accepte de faire la paix en d\u00e9posant les armes, on ne peut pas, pour autant, dire que la RDC est sortie de l\u2019auberge. Car, on se rappelle que le 30 juin dernier, alors m\u00eame que le pays c\u00e9l\u00e9brait le 60e anniversaire de son accession \u00e0 l\u2019ind\u00e9pendance, l\u2019embl\u00e8me d\u2019une certaine R\u00e9publique du Kivu, a \u00e9t\u00e9 d\u00e9ploy\u00e9 dans la province du Sud-Kivu. Certes, ces irr\u00e9dentistes ne sont pas encore connus, mais cette mani\u00e8re de faire \u00ab\u00a0est un pi\u00e8ge qui cache mal une \u00e9ni\u00e8me tentative de d\u00e9membrement de la RDC\u00a0\u00bb, pour reprendre les termes du Prix Nobel de la paix, Denis Mukwege. En tout cas, les choses sont claires. Car, connus ou pas, ces ind\u00e9pendantistes tapis dans l\u2019ombre ont pour projet de d\u00e9stabiliser davantage la RDC. Toute chose qui serait tr\u00e8s regrettable pour ce pays dont les populations ont longtemps souffert le martyre et qui, de guerre lasse, ne savent m\u00eame plus \u00e0 groupe arm\u00e9 se vouer.<\/em><\/p>\n<p class=\"c3\"><strong><em>B.O<\/em><\/strong><\/p>\n<p>Auteur: Le Pays<br \/>\n<a href=\"http:\/\/lepays.bf\/mission-de-sensibilisation-en-ituri-sur-fond-de-secession-au-sud-kivu-2\/\">Cliquez ici pour lire l&rsquo;article depuis sa source.<\/a><\/p>\n","protected":false},"excerpt":{"rendered":"<p>Des rebelles pour convaincre d\u2019autres rebelles \u00e0 d\u00e9poser les armes. C\u2019est le choix qu\u2019a fait le pr\u00e9sident congolais, F\u00e9lix Tshis\u00e9k\u00e9di, qui vient de d\u00e9p\u00eacher une mission compos\u00e9e d\u2019anciens seigneurs de guerre en Ituri, du nom de cette partie de la R\u00e9publique d\u00e9mocratique du Congo (RDC) en proie \u00e0 des actes de violences. L\u2019objectif de ces [&hellip;]<\/p>\n","protected":false},"author":1813,"featured_media":0,"comment_status":"closed","ping_status":"closed","sticky":false,"template":"","format":"standard","meta":{"fifu_image_url":"","fifu_image_alt":"","footnotes":""},"categories":[73,81],"tags":[],"class_list":["post-91584","post","type-post","status-publish","format-standard","hentry","category-actualite","category-burkina-faso"],"_links":{"self":[{"href":"https:\/\/linitiative.ca\/International\/wp-json\/wp\/v2\/posts\/91584","targetHints":{"allow":["GET"]}}],"collection":[{"href":"https:\/\/linitiative.ca\/International\/wp-json\/wp\/v2\/posts"}],"about":[{"href":"https:\/\/linitiative.ca\/International\/wp-json\/wp\/v2\/types\/post"}],"author":[{"embeddable":true,"href":"https:\/\/linitiative.ca\/International\/wp-json\/wp\/v2\/users\/1813"}],"replies":[{"embeddable":true,"href":"https:\/\/linitiative.ca\/International\/wp-json\/wp\/v2\/comments?post=91584"}],"version-history":[{"count":0,"href":"https:\/\/linitiative.ca\/International\/wp-json\/wp\/v2\/posts\/91584\/revisions"}],"wp:attachment":[{"href":"https:\/\/linitiative.ca\/International\/wp-json\/wp\/v2\/media?parent=91584"}],"wp:term":[{"taxonomy":"category","embeddable":true,"href":"https:\/\/linitiative.ca\/International\/wp-json\/wp\/v2\/categories?post=91584"},{"taxonomy":"post_tag","embeddable":true,"href":"https:\/\/linitiative.ca\/International\/wp-json\/wp\/v2\/tags?post=91584"}],"curies":[{"name":"wp","href":"https:\/\/api.w.org\/{rel}","templated":true}]}}