{"id":91585,"date":"2020-07-07T16:54:34","date_gmt":"2020-07-07T20:54:34","guid":{"rendered":"https:\/\/linitiative.ca\/International\/convocation-de-lex-president-mauritanien\/"},"modified":"2020-07-07T16:54:34","modified_gmt":"2020-07-07T20:54:34","slug":"convocation-de-lex-president-mauritanien","status":"publish","type":"post","link":"https:\/\/linitiative.ca\/International\/convocation-de-lex-president-mauritanien\/","title":{"rendered":"CONVOCATION DE L\u2019EX-PRESIDENT MAURITANIEN"},"content":{"rendered":"<div class=\"stream-item stream-item-above-post-content\">\n<p><noscript><\/p>\n<p><a href=\"\/\/www3.smartadserver.com\/ac?jump=1&amp;nwid=2136&amp;siteid=240610&amp;pgname=rg&amp;fmtid=49046&amp;visit=m&amp;tmstp=[timestamp]&amp;out=nonrich\" target=\"_blank\" rel=\"noopener noreferrer\"><img decoding=\"async\" src=\"http:\/\/www3.smartadserver.com\/ac?out=nonrich&amp;nwid=2136&amp;siteid=240610&amp;pgname=rg&amp;fmtid=49046&amp;visit=m&amp;tmstp=[timestamp]\" border=\"0\" alt=\"\"\/><\/a><\/p>\n<p><\/noscript><\/div>\n<p class=\"c3\"><em>R\u00e9pondra\u00a0? R\u00e9pondra pas\u00a0? C\u2019est la question que tout le monde se pose en Mauritanie et ce, au lendemain de la convocation que le pr\u00e9sident de la commission parlementaire charg\u00e9e d\u2019enqu\u00eater sur sept dossiers, a transmise \u00e0 l\u2019ancien pr\u00e9sident Mohamed Ould Abdel Aziz. En effet, la commission mise en place depuis f\u00e9vrier dernier \u00e0 la demande des d\u00e9put\u00e9s de l\u2019Opposition, souhaite l\u2019entendre sur des dossiers li\u00e9s \u00e0 ses deux mandats \u00e0 la t\u00eate de la Mauritanie, c\u2019est-\u00e0-dire de 2009 \u00e0 2019. M\u00eame si la convocation adress\u00e9e \u00e0 l\u2019ex-chef de l\u2019Etat ne sp\u00e9cifie pas les dossiers sur lesquels il sera entendu, l\u2019on sait que la commission parlementaire enqu\u00eate sur des dossiers de malversations suppos\u00e9es au sein de plusieurs structures publiques et ce, dans plusieurs secteurs que sont l\u2019urbanisme, l\u2019\u00e9nergie, l\u2019\u00e9quipement ou encore la gestion des revenus p\u00e9troliers. C\u2019est, du reste, pourquoi plusieurs anciens ministres et Premiers ministre ont \u00e9t\u00e9 d\u00e9j\u00e0 auditionn\u00e9s par les parlementaires qui souhaitent maintenant entendre le t\u00e9moignage du pr\u00e9d\u00e9cesseur et ancien bras droit du pr\u00e9sident Mohamed Ould Ghazouani. Reste maintenant \u00e0 savoir si Mohamed Ould Abdel Aziz acceptera de r\u00e9pondre \u00e0 la convocation des parlementaires. Car, non seulement il n\u2019y est pas juridiquement contraint, mais aussi il semble d\u00e9j\u00e0 avoir annonc\u00e9 la couleur puisque l\u2019huissier qui \u00e9tait charg\u00e9 de remettre la convocation, a \u00e9t\u00e9 \u00e9conduit.<\/em><\/p>\n<p class=\"c3\"><strong><em>On ne peut que regretter l\u2019attitude de l\u2019ancien dirigeant qui semble totalement oppos\u00e9 au principe de la reddition des comptes<\/em><\/strong><\/p>\n<p class=\"c3\"><em>En tout cas, Abdel Aziz voudrait dire aux parlementaires qu\u2019il ne d\u00e9f\u00e8rera pas \u00e0 leur convocation qu\u2019il ne s\u2019y prendrait pas autrement. Seulement, s\u2019il venait \u00e0 concr\u00e9tiser ce refus, ce serait la preuve qu\u2019il a quelque chose \u00e0 se reprocher. Sinon, pourquoi refuser de r\u00e9pondre \u00e0 la convocation d\u2019une commission parlementaire qui, on le sait, n\u2019a pas les pr\u00e9rogatives de juger m\u00eame s\u2019il est vrai qu\u2019en cas de graves manquements, elle peut recommander \u00e0 la Justice de poursuivre un ancien dignitaire ? Et m\u00eame l\u00e0, Abdel Aziz est prot\u00e9g\u00e9 par une immunit\u00e9 qui fait qu\u2019il ne peut, en cas de poursuites, n\u2019\u00eatre jug\u00e9 que par la Haute Cour de justice. Et ce n\u2019est pas tout. L\u2019ex-pr\u00e9sident mauritanien ne peut seulement \u00eatre inqui\u00e9t\u00e9 qu\u2019en cas de crimes constitutifs \u00e9tablis de \u00ab haute trahison\u00bb.\u00a0<\/em> <em>De toute \u00e9vidence, si l\u2019on peut saluer l\u2019alternance au sommet de l\u2019Etat mauritanien rendue possible par l\u2019acceptation de Mohamed Ould Abdel Aziz, de quitter le pouvoir au moment o\u00f9 d\u2019autres chefs d\u2019Etat africains s\u2019accrochent \u00e0 leur fauteuil, on ne peut que regretter l\u2019attitude de l\u2019ancien dirigeant qui semble totalement oppos\u00e9 au principe de la reddition des comptes indispensable \u00e0 la gouvernance vertueuse.<\/em><\/p>\n<p class=\"c3\"><strong><em>B.O<\/em><\/strong><\/p>\n<p>Auteur: Le Pays<br \/>\n<a href=\"http:\/\/lepays.bf\/convocation-de-lex-president-mauritanien\/\">Cliquez ici pour lire l&rsquo;article depuis sa source.<\/a><\/p>\n","protected":false},"excerpt":{"rendered":"<p>R\u00e9pondra\u00a0? R\u00e9pondra pas\u00a0? C\u2019est la question que tout le monde se pose en Mauritanie et ce, au lendemain de la convocation que le pr\u00e9sident de la commission parlementaire charg\u00e9e d\u2019enqu\u00eater sur sept dossiers, a transmise \u00e0 l\u2019ancien pr\u00e9sident Mohamed Ould Abdel Aziz. En effet, la commission mise en place depuis f\u00e9vrier dernier \u00e0 la demande [&hellip;]<\/p>\n","protected":false},"author":1813,"featured_media":0,"comment_status":"closed","ping_status":"closed","sticky":false,"template":"","format":"standard","meta":{"fifu_image_url":"","fifu_image_alt":"","footnotes":""},"categories":[73,81],"tags":[],"class_list":["post-91585","post","type-post","status-publish","format-standard","hentry","category-actualite","category-burkina-faso"],"_links":{"self":[{"href":"https:\/\/linitiative.ca\/International\/wp-json\/wp\/v2\/posts\/91585","targetHints":{"allow":["GET"]}}],"collection":[{"href":"https:\/\/linitiative.ca\/International\/wp-json\/wp\/v2\/posts"}],"about":[{"href":"https:\/\/linitiative.ca\/International\/wp-json\/wp\/v2\/types\/post"}],"author":[{"embeddable":true,"href":"https:\/\/linitiative.ca\/International\/wp-json\/wp\/v2\/users\/1813"}],"replies":[{"embeddable":true,"href":"https:\/\/linitiative.ca\/International\/wp-json\/wp\/v2\/comments?post=91585"}],"version-history":[{"count":0,"href":"https:\/\/linitiative.ca\/International\/wp-json\/wp\/v2\/posts\/91585\/revisions"}],"wp:attachment":[{"href":"https:\/\/linitiative.ca\/International\/wp-json\/wp\/v2\/media?parent=91585"}],"wp:term":[{"taxonomy":"category","embeddable":true,"href":"https:\/\/linitiative.ca\/International\/wp-json\/wp\/v2\/categories?post=91585"},{"taxonomy":"post_tag","embeddable":true,"href":"https:\/\/linitiative.ca\/International\/wp-json\/wp\/v2\/tags?post=91585"}],"curies":[{"name":"wp","href":"https:\/\/api.w.org\/{rel}","templated":true}]}}