{"id":91594,"date":"2020-07-07T15:18:04","date_gmt":"2020-07-07T19:18:04","guid":{"rendered":"https:\/\/linitiative.ca\/International\/convention-investiture-candidat-pdci-kkb-dit-ne-pas-etre-un-mercenaire-a-la-solde-de-ouattara\/"},"modified":"2020-07-07T15:18:04","modified_gmt":"2020-07-07T19:18:04","slug":"convention-investiture-candidat-pdci-kkb-dit-ne-pas-etre-un-mercenaire-a-la-solde-de-ouattara","status":"publish","type":"post","link":"https:\/\/linitiative.ca\/International\/convention-investiture-candidat-pdci-kkb-dit-ne-pas-etre-un-mercenaire-a-la-solde-de-ouattara\/","title":{"rendered":"Convention investiture candidat Pdci: KKB dit ne pas \u00eatre \u00ab un mercenaire \u00e0 la solde de Ouattara \u00bb"},"content":{"rendered":"<p>Kouadio Konan Bertin dit \u00ab KKB \u00bb, un cadre du Parti d\u00e9mocratique de C\u00f4te d\u2019Ivoire (Pdci), a dit mardi ne pas \u00eatre \u00ab un mercenaire \u00e0 la solde de Alassane Ouattara \u00bb \u00e0 la suite de sa candidature \u00e0 la Convention d\u2019investiture du Pdci en vue de la pr\u00e9sidentielle d\u2019octobre 2020.\u00ab Je ne veux pas qu\u2019on me fasse l\u2019injure pour me faire passer pour un mercenaire \u00e0 la solde de Alassane Ouattara \u00bb, a d\u00e9clar\u00e9 KKB lors d\u2019une conf\u00e9rence de presse \u00e0 Abidjan, esquivant les soup\u00e7ons d\u2019un jeu qu\u2019il fait de la part du pouvoir pour d\u00e9stabiliser le Pdci. \u00a0<\/p>\n<p>Plusieurs militants du Pdci, qui observaient son retour aupr\u00e8s de Henri Konan B\u00e9di\u00e9, le pr\u00e9sident du Pdci, apr\u00e8s un froid, s\u2019interrogeaient de l\u2019int\u00e9r\u00eat de la candidature de KKB \u00e0 la Convention d\u2019investiture du candidat du parti pour l\u2019\u00e9lection pr\u00e9sidentielle du 31 octobre 2019.\u00a0<\/p>\n<p>M. KKB, qui, tr\u00e8s r\u00e9cemment avait soutenu la candidature de M. B\u00e9di\u00e9 \u00e0 la Convention d\u2019investiture du Pdci et clam\u00e9 qu\u2019 il ne se pr\u00e9senterait pas si le chef de l\u2019ex-parti unique, qui consid\u00e9rait comme \u00ab candidat naturel \u00bb, \u00e9tait candidat, a subitement retourn\u00e9 sa veste.\u00a0<\/p>\n<p>\u00c9voquant les raisons de sa candidature au sein du Pdci, KKB a indiqu\u00e9 avoir pris cette d\u00e9cision \u00ab apr\u00e8s avoir longtemps et m\u00fbrement r\u00e9fl\u00e9chi avec (son) \u00e9quipe, avec (ses) proches. Mais c\u2019est avant tout, quand il s\u2019agit de briguer la magistrature supr\u00eame, une d\u00e9cision personnelle \u00bb.\u00a0<\/p>\n<p>\u00ab Ce qui m\u2019a fondamentalement conduit \u00e0 cette d\u00e9cision, c\u2019est d\u2019abord et surtout l\u2019\u00e9tat de notre pays. Des succ\u00e8s ont certes \u00e9t\u00e9 remport\u00e9s. (\u2026) Mais, force est de constater que notre population souffre et les fruits de la croissance sont dramatiquement et in\u00e9galement r\u00e9partis \u00bb, a-t-il soutenu.\u00a0<\/p>\n<p>\u00a0\u00ab Je suis candidat parce que je crois que notre pays n\u2019a nul besoin d\u2019un pauvre remake des affrontements pass\u00e9s. Le m\u00eame pauvre film avec le m\u00eame sc\u00e9nario et les m\u00eames acteurs, les m\u00eames dialogues et les m\u00eames jeux de r\u00f4le \u00bb, a-t-il poursuivi. \u00a0<\/p>\n<p>Pour lui, \u00ab ce ne sont pas les hommes ou les femmes qui sont en cause. Ce n\u2019est pas tel ou tel dirigeant qui est en cause. Le coupable, c\u2019est le syst\u00e8me \u00bb de gouvernance de la C\u00f4te d\u2019Ivoire et il veut \u00ab radicalement le changer \u00bb. \u00a0<\/p>\n<p>La cellule \u00e9lectorale en charge des candidatures a rejet\u00e9 le dossier de KKB, soutenant qu\u2019il contient des \u00ab pi\u00e8ces fausses \u00bb. En outre, il a marqu\u00e9 son refus de s\u2019engager sur l\u2019honneur \u00e0 ne pas se pr\u00e9senter s\u2019il n\u2019\u00e9tait pas \u00e9lu lors de cette convention d\u2019investiture du cheval du Pdci.<\/p>\n<p>D\u00e8s lors qu\u2019il y a au moins deux candidats, il aurait fallu, pour assurer sa neutralit\u00e9 qu\u2019il soit paritaire, chaque candidat choisissant son repr\u00e9sentant pour si\u00e9ger dans ce comit\u00e9 \u00e9lectoral. D\u2019autant plus que le PDCI et tous les partis politiques l\u2019exigent pour la CEI, la commission nationale \u00e9lectorale, a-t-il estim\u00e9.\u00a0<\/p>\n<p>A partir du moment o\u00f9 tous les membres du Comit\u00e9 des candidatures ont \u00e9t\u00e9 d\u00e9sign\u00e9s par l\u2019un des candidats, ils ne peuvent \u00eatre ni ind\u00e9pendants, ni impartiaux, a-t-il fait observer, ajoutant que certains des membres de ce comit\u00e9 \u00e9lectoral ont fait partie de la d\u00e9l\u00e9gation qui a demand\u00e9 \u00e0 M. B\u00e9di\u00e9 de se porter candidat. \u00a0<\/p>\n<p>\u00ab Il appara\u00eet donc clairement que le comit\u00e9 \u00e9lectoral qui a rendu la d\u00e9cision d\u2019invalidation de ma candidature pour n\u2019avoir pas su faire preuve de neutralit\u00e9 est disqualifi\u00e9 et cette invalidation pour moi est sans effet \u00bb, a d\u00e9duit KKB. \u00a0<\/p>\n<p>\u00ab La d\u00e9cision prise par ce comit\u00e9 aux ordres, est un attentat contre la d\u00e9mocratie. Elle est l\u2019\u0153uvre d\u2019un escadron servile uniquement motiv\u00e9 par la pr\u00e9servation de ses propres int\u00e9r\u00eats. C\u2019est un mauvais coup port\u00e9 \u00e0 l\u2019image du parti et \u00e0 la confiance des militants \u00bb, a-t-il martel\u00e9.\u00a0<\/p>\n<p>Toutefois, soulignera-t-il, qu\u2019il s\u2019abstient de toute interf\u00e9rence judiciaire dans les affaires internes du PDCI. C\u2019est pourquoi il a demand\u00e9 \u00e0 ses conseils de ne pas exercer de recours devant un organe qu\u2019au demeurant, il conteste.\u00a0<\/p>\n<p>Il a annonc\u00e9 avoir introduit aupr\u00e8s de M. B\u00e9di\u00e9 sa d\u00e9mission en qualit\u00e9 de conseiller. A ses d\u00e9tracteurs, il r\u00e9pond qu\u2019il n\u2019a jamais \u00e9t\u00e9 un soldat perdu, mais plut\u00f4t un soldat \u00e9clair\u00e9, qui a de tout temps combattu pour les id\u00e9aux du Pdci.<\/p>\n<p>\u00ab Ma candidature, on veut la faire passer pour la solde de Alassane Ouattara, \u00a0\u00e9coutez, je ne mange pas de ce pain, je suis militant du Pdci (\u2026) je ne ressemble pas \u00e0 un mercenaire, je suis un militant du Pdci qui a des convictions et qui se donne les moyens de les d\u00e9fendre \u00bb, a-t-il insist\u00e9.<\/p>\n<p>Cette candidature, fera-t-il entendre qu\u2019elle a \u00e9t\u00e9 invalid\u00e9e seulement qu\u2019 hier (lundi) et a 48 heures pour faire appel, mais a d\u00e9cid\u00e9 de ne pas faire appel. Il a fait savoir que son \u00ab projet pr\u00e9sidentiel est \u00e0 maturit\u00e9 \u00bb.\u00a0<\/p>\n<p>\u00ab Si le Pdci me refuse la parole en son sein, nous prendront rendez-vous avec le peuple \u00bb, a-t-il laiss\u00e9 entendre. Dans cet \u00e9lan, Kouadio Konan Bertin compte se pr\u00e9senter son la banni\u00e8re de candidat ind\u00e9pendant, comme en 2015, o\u00f9 il est arriv\u00e9 en troisi\u00e8me position. \u00a0<\/p>\n<p>M. Kouadio semble ne pas avoir \u00e9t\u00e9 port\u00e9 \u00e0 un ascenseur social par M. B\u00e9di\u00e9, son mentor. Hamed Bakayoko, actuel ministre de la D\u00e9fense, dira-t-il, lui a \u00e0 l\u2019\u00e9poque suivi M. Ouattara, et est aujourd\u2019hui le seul ministre d\u2019Etat, par contre lui, n\u2019a pas atteint un rang institutionnel \u00e9lev\u00e9. \u00a0<\/p>\n<p>Auteur: APA News<br \/>\n<a href=\"https:\/\/www.journalducameroun.com\/convention-investiture-candidat-pdci-kkb-dit-ne-pas-etre-un-mercenaire-a-la-solde-de-ouattara\/\">Cliquez ici pour lire l&rsquo;article depuis sa source.<\/a><\/p>\n","protected":false},"excerpt":{"rendered":"<p>Kouadio Konan Bertin dit \u00ab KKB \u00bb, un cadre du Parti d\u00e9mocratique de C\u00f4te d\u2019Ivoire (Pdci), a dit mardi ne pas \u00eatre \u00ab un mercenaire \u00e0 la solde de Alassane Ouattara \u00bb \u00e0 la suite de sa candidature \u00e0 la Convention d\u2019investiture du Pdci en vue de la pr\u00e9sidentielle d\u2019octobre 2020.\u00ab Je ne veux pas [&hellip;]<\/p>\n","protected":false},"author":1965,"featured_media":0,"comment_status":"closed","ping_status":"closed","sticky":false,"template":"","format":"standard","meta":{"fifu_image_url":"","fifu_image_alt":"","footnotes":""},"categories":[73,82],"tags":[],"class_list":["post-91594","post","type-post","status-publish","format-standard","hentry","category-actualite","category-cameroun"],"_links":{"self":[{"href":"https:\/\/linitiative.ca\/International\/wp-json\/wp\/v2\/posts\/91594","targetHints":{"allow":["GET"]}}],"collection":[{"href":"https:\/\/linitiative.ca\/International\/wp-json\/wp\/v2\/posts"}],"about":[{"href":"https:\/\/linitiative.ca\/International\/wp-json\/wp\/v2\/types\/post"}],"author":[{"embeddable":true,"href":"https:\/\/linitiative.ca\/International\/wp-json\/wp\/v2\/users\/1965"}],"replies":[{"embeddable":true,"href":"https:\/\/linitiative.ca\/International\/wp-json\/wp\/v2\/comments?post=91594"}],"version-history":[{"count":0,"href":"https:\/\/linitiative.ca\/International\/wp-json\/wp\/v2\/posts\/91594\/revisions"}],"wp:attachment":[{"href":"https:\/\/linitiative.ca\/International\/wp-json\/wp\/v2\/media?parent=91594"}],"wp:term":[{"taxonomy":"category","embeddable":true,"href":"https:\/\/linitiative.ca\/International\/wp-json\/wp\/v2\/categories?post=91594"},{"taxonomy":"post_tag","embeddable":true,"href":"https:\/\/linitiative.ca\/International\/wp-json\/wp\/v2\/tags?post=91594"}],"curies":[{"name":"wp","href":"https:\/\/api.w.org\/{rel}","templated":true}]}}