{"id":91595,"date":"2020-07-07T16:18:05","date_gmt":"2020-07-07T20:18:05","guid":{"rendered":"https:\/\/linitiative.ca\/International\/covid-19-lafsud-franchit-le-cap-des-200-000-cas\/"},"modified":"2020-07-07T16:18:05","modified_gmt":"2020-07-07T20:18:05","slug":"covid-19-lafsud-franchit-le-cap-des-200-000-cas","status":"publish","type":"post","link":"https:\/\/linitiative.ca\/International\/covid-19-lafsud-franchit-le-cap-des-200-000-cas\/","title":{"rendered":"Covid -19 : l\u2019Af\u2019Sud franchit le cap des 200.000 cas"},"content":{"rendered":"<div readability=\"32\">\n<p>Publi\u00e9 le 07.07.2020 \u00e0 21h18 par APA News<\/p>\n<\/div>\n<div readability=\"74\">\n<p>L\u2019Afrique du Sud a franchi la barre des 200.000 cas de coronavirus, d\u00e9passant l\u2019Allemagne pour devenir le 15\u00e8mepays le plus durement touch\u00e9 par la pand\u00e9mie.Selon les derni\u00e8res statistiques du minist\u00e8re de la Sant\u00e9 mardi, l\u2019Afrique du Sud avait enregistr\u00e9 mardi apr\u00e8s-midi 205.721 cas de coronavirus, dont 3.310 qui ont succomb\u00e9 \u00e0 la maladie.<\/p>\n<p>Cela repr\u00e9sentait pr\u00e8s de 42% du nombre total de cas en Afrique, qui s\u2019\u00e9levaient \u00e0 492.805 cas mardi midi.<\/p>\n<p>Le pays d\u00e9passe le nombre d\u2019infections enregistr\u00e9es sur le continent africain, devant l\u2019Egypte et le Nigeria. L\u2019Egypte avait 76.222 cas tandis que le Nigeria en comptait 29.286. L\u2019Afrique du Sud se classe d\u00e9sormais au 15\u00e8me mondial, le nombre de cas ayant doubl\u00e9 au cours des deux derni\u00e8res semaines, selon le ministre de la Sant\u00e9, Zweli Mkhize.<\/p>\n<p>Les Etats-Unis figurent en t\u00eate de liste mondiale des pays les plus touch\u00e9s, avec plus de trois millions de cas, suivis du Br\u00e9sil, qui comptait plus de 1,6 million de cas mardi.<\/p>\n<p>L\u2019Arabie saoudite, l\u2019Inde, la Russie, le P\u00e9rou, l\u2019Espagne, le Chili, le Royaume-Uni, le Mexique, l\u2019Iran, l\u2019Italie, le Pakistan, l\u2019Arabie saoudite et la Turquie sont entre autres, les pays affichant des taux de Covid-19 plus \u00e9lev\u00e9s que l\u2019Afrique du Sud.<\/p>\n<\/div>\n<p>Auteur: APA News<br \/>\n<a href=\"https:\/\/www.journalducameroun.com\/covid-19-lafsud-franchit-le-cap-des-200-000-cas\/\">Cliquez ici pour lire l&rsquo;article depuis sa source.<\/a><\/p>\n","protected":false},"excerpt":{"rendered":"<p>Publi\u00e9 le 07.07.2020 \u00e0 21h18 par APA News L\u2019Afrique du Sud a franchi la barre des 200.000 cas de coronavirus, d\u00e9passant l\u2019Allemagne pour devenir le 15\u00e8mepays le plus durement touch\u00e9 par la pand\u00e9mie.Selon les derni\u00e8res statistiques du minist\u00e8re de la Sant\u00e9 mardi, l\u2019Afrique du Sud avait enregistr\u00e9 mardi apr\u00e8s-midi 205.721 cas de coronavirus, dont 3.310 [&hellip;]<\/p>\n","protected":false},"author":1965,"featured_media":0,"comment_status":"closed","ping_status":"closed","sticky":false,"template":"","format":"standard","meta":{"fifu_image_url":"","fifu_image_alt":"","footnotes":""},"categories":[73,82],"tags":[],"class_list":["post-91595","post","type-post","status-publish","format-standard","hentry","category-actualite","category-cameroun"],"_links":{"self":[{"href":"https:\/\/linitiative.ca\/International\/wp-json\/wp\/v2\/posts\/91595","targetHints":{"allow":["GET"]}}],"collection":[{"href":"https:\/\/linitiative.ca\/International\/wp-json\/wp\/v2\/posts"}],"about":[{"href":"https:\/\/linitiative.ca\/International\/wp-json\/wp\/v2\/types\/post"}],"author":[{"embeddable":true,"href":"https:\/\/linitiative.ca\/International\/wp-json\/wp\/v2\/users\/1965"}],"replies":[{"embeddable":true,"href":"https:\/\/linitiative.ca\/International\/wp-json\/wp\/v2\/comments?post=91595"}],"version-history":[{"count":0,"href":"https:\/\/linitiative.ca\/International\/wp-json\/wp\/v2\/posts\/91595\/revisions"}],"wp:attachment":[{"href":"https:\/\/linitiative.ca\/International\/wp-json\/wp\/v2\/media?parent=91595"}],"wp:term":[{"taxonomy":"category","embeddable":true,"href":"https:\/\/linitiative.ca\/International\/wp-json\/wp\/v2\/categories?post=91595"},{"taxonomy":"post_tag","embeddable":true,"href":"https:\/\/linitiative.ca\/International\/wp-json\/wp\/v2\/tags?post=91595"}],"curies":[{"name":"wp","href":"https:\/\/api.w.org\/{rel}","templated":true}]}}