{"id":91596,"date":"2020-07-07T10:11:26","date_gmt":"2020-07-07T14:11:26","guid":{"rendered":"https:\/\/linitiative.ca\/International\/lunion-europeenne-accorde-6-milliards-de-f-au-cameroun-pour-lutter-contre-le-coronavirus\/"},"modified":"2020-07-07T10:11:26","modified_gmt":"2020-07-07T14:11:26","slug":"lunion-europeenne-accorde-6-milliards-de-f-au-cameroun-pour-lutter-contre-le-coronavirus","status":"publish","type":"post","link":"https:\/\/linitiative.ca\/International\/lunion-europeenne-accorde-6-milliards-de-f-au-cameroun-pour-lutter-contre-le-coronavirus\/","title":{"rendered":"L\u2019Union europ\u00e9enne accorde 6 milliards de F au Cameroun pour lutter contre le coronavirus"},"content":{"rendered":"<div class=\"featured-area featured-area-inner\"><img loading=\"lazy\" decoding=\"async\" width=\"1080\" height=\"718\" src=\"https:\/\/ecomatin.net\/wp-content\/uploads\/2020\/07\/WhatsApp-Image-2020-07-07-at-15.06.26.jpeg\" class=\"attachment-full size-full wp-post-image\" alt=\"\" srcset=\"https:\/\/ecomatin.net\/wp-content\/uploads\/2020\/07\/WhatsApp-Image-2020-07-07-at-15.06.26.jpeg 1080w, https:\/\/ecomatin.net\/wp-content\/uploads\/2020\/07\/WhatsApp-Image-2020-07-07-at-15.06.26-300x199.jpeg 300w, https:\/\/ecomatin.net\/wp-content\/uploads\/2020\/07\/WhatsApp-Image-2020-07-07-at-15.06.26-1024x681.jpeg 1024w, https:\/\/ecomatin.net\/wp-content\/uploads\/2020\/07\/WhatsApp-Image-2020-07-07-at-15.06.26-768x511.jpeg 768w\" sizes=\"auto, (max-width: 1080px) 100vw, 1080px\" data-attachment-id=\"16885\" data-permalink=\"https:\/\/ecomatin.net\/lunion-europeenne-accorde-6-milliards-de-f-au-cameroun-pour-lutter-contre-le-coronavirus\/whatsapp-image-2020-07-07-at-15-06-26\/\" data-orig-file=\"https:\/\/ecomatin.net\/wp-content\/uploads\/2020\/07\/WhatsApp-Image-2020-07-07-at-15.06.26.jpeg\" data-orig-size=\"1080,718\" data-comments-opened=\"0\" data-image-meta=\"{&quot;aperture&quot;:&quot;0&quot;,&quot;credit&quot;:&quot;&quot;,&quot;camera&quot;:&quot;&quot;,&quot;caption&quot;:&quot;&quot;,&quot;created_timestamp&quot;:&quot;0&quot;,&quot;copyright&quot;:&quot;&quot;,&quot;focal_length&quot;:&quot;0&quot;,&quot;iso&quot;:&quot;0&quot;,&quot;shutter_speed&quot;:&quot;0&quot;,&quot;title&quot;:&quot;&quot;,&quot;orientation&quot;:&quot;0&quot;}\" data-image-title=\"WhatsApp Image 2020-07-07 at 15.06.26\" data-image-description=\"\" data-medium-file=\"https:\/\/ecomatin.net\/wp-content\/uploads\/2020\/07\/WhatsApp-Image-2020-07-07-at-15.06.26-300x199.jpeg\" data-large-file=\"https:\/\/ecomatin.net\/wp-content\/uploads\/2020\/07\/WhatsApp-Image-2020-07-07-at-15.06.26-1024x681.jpeg\"\/> Echange de parapheur<\/div>\n<div class=\"entry-content entry clearfix\" readability=\"39.83192465588\">\n<p>C\u2019est sous la forme d\u2019un appui budg\u00e9taire que l\u2019Union Europ\u00e9enne(UE) a d\u00e9cid\u00e9 de soutenir le Cameroun dans sa strat\u00e9gie de riposte contre la pand\u00e9mie du coronavirus et ses effets sur l\u2019\u00e9conomie. Le montant de 9 millions d\u2019euros soit pr\u00e8s de 6 milliards de F CFA vient d\u2019\u00eatre d\u00e9caiss\u00e9 par l\u2019institution en direction du pays pour appuyer la r\u00e9ponse du Gouvernement face aux cons\u00e9quences sanitaires et socio\u00e9conomiques de la Covid-19, tels que d\u00e9taill\u00e9s dans le plan de riposte socio\u00e9conomique et sanitaire 2020. L\u2019annonce a \u00e9t\u00e9 faite ce jour \u00e0 Yaound\u00e9 au cours d\u2019un point de presse conjoint de l\u2019ambassadeur, chef de d\u00e9l\u00e9gation de l\u2019UE au Cameroun, Hans Peter Schadeck et du ministre camerounais de l\u2019Economie de la planification et de l\u2019am\u00e9nagement du territoire(Minepat),\u00a0\u00a0Alamine Ousmane Mey.<\/p>\n<p>Au cours de cette rencontre, les deux personnalit\u00e9s ont, sign\u00e9s les conventions de d\u00e9caissements desdits fonds. D\u00e9caissement anticip\u00e9 en vue de r\u00e9pondre \u00e0 la crise actuelle et qui constitue surtout une partie de l\u2019appui budg\u00e9taire pr\u00e9vue en 2020. \u00ab\u00a0C\u2019est un d\u00e9caissement que nous avons pu anticiper. Il \u00e9tait initialement pr\u00e9vu en fin d\u2019ann\u00e9e mais pour permettre une r\u00e9action rapide et en temps r\u00e9elle, au d\u00e9fis qui se pose, ce d\u00e9caissement a \u00e9t\u00e9 anticip\u00e9, il va alimenter les ressources de l\u2019Etat qui lui-m\u00eame a d\u00e9velopp\u00e9 un plan de riposte sanitaire et socio\u00e9conomique auquel cet appui budg\u00e9taire peut contribuer\u00a0\u00bb a d\u00e9clar\u00e9 Hans Peter Schadek.<\/p>\n<p>Le chef de la d\u00e9l\u00e9gation de l\u2019UE a par ailleurs tenu \u00e0 souligner l\u2019importance d\u2019une gestion transparente efficace et efficiente desdits fonds. Des assurances \u00e0 cet effet ont \u00e9t\u00e9 apport\u00e9es par le ministre Alamine Ousmane Mey. \u00ab\u00a0Ces ressources, dans le cadre du code de transparence et de bonne gouvernance dans la gestion des ressources publiques, ces ressources seront allou\u00e9s aux activit\u00e9s li\u00e9s \u00e0 la riposte et feront l\u2019objet d\u2019un audit conform\u00e9ment aux dispositions de l\u2019ordonnance du Chef de l\u2019Etat\u00a0\u00bb s\u2019est voulu rassurant le Minepat<\/p>\n<p>Notons que cet \u00e9lan de l\u2019UE rentre dans le cadre d\u2019une mobilisation massive de l\u2019institution pour venir en appui aux pays les plus vuln\u00e9rables et les plus touch\u00e9s par la Covid-19.<\/p>\n<p>[author title=\u00a0\u00bbLa R\u00e9daction EcoMatin\u00a0\u00bb image=\u00a0\u00bbhttp:\/\/\u00a0\u00bb][\/author]<\/p>\n<div class=\"awac-wrapper awac widget posts-list-widget-11\">\n<h4 class=\"widget-title\">Le plus r\u00e9cent<\/h4>\n<\/div>\n<\/div>\n<p>Auteur: EcoMatin<br \/>\n<a href=\"https:\/\/ecomatin.net\/lunion-europeenne-accorde-6-milliards-de-f-au-cameroun-pour-lutter-contre-le-coronavirus\/\">Cliquez ici pour lire l&rsquo;article depuis sa source.<\/a><\/p>\n","protected":false},"excerpt":{"rendered":"<p>Echange de parapheur C\u2019est sous la forme d\u2019un appui budg\u00e9taire que l\u2019Union Europ\u00e9enne(UE) a d\u00e9cid\u00e9 de soutenir le Cameroun dans sa strat\u00e9gie de riposte contre la pand\u00e9mie du coronavirus et ses effets sur l\u2019\u00e9conomie. Le montant de 9 millions d\u2019euros soit pr\u00e8s de 6 milliards de F CFA vient d\u2019\u00eatre d\u00e9caiss\u00e9 par l\u2019institution en direction [&hellip;]<\/p>\n","protected":false},"author":1969,"featured_media":91597,"comment_status":"closed","ping_status":"closed","sticky":false,"template":"","format":"standard","meta":{"fifu_image_url":"","fifu_image_alt":"","footnotes":""},"categories":[82,78],"tags":[],"class_list":["post-91596","post","type-post","status-publish","format-standard","has-post-thumbnail","hentry","category-cameroun","category-economie"],"_links":{"self":[{"href":"https:\/\/linitiative.ca\/International\/wp-json\/wp\/v2\/posts\/91596","targetHints":{"allow":["GET"]}}],"collection":[{"href":"https:\/\/linitiative.ca\/International\/wp-json\/wp\/v2\/posts"}],"about":[{"href":"https:\/\/linitiative.ca\/International\/wp-json\/wp\/v2\/types\/post"}],"author":[{"embeddable":true,"href":"https:\/\/linitiative.ca\/International\/wp-json\/wp\/v2\/users\/1969"}],"replies":[{"embeddable":true,"href":"https:\/\/linitiative.ca\/International\/wp-json\/wp\/v2\/comments?post=91596"}],"version-history":[{"count":0,"href":"https:\/\/linitiative.ca\/International\/wp-json\/wp\/v2\/posts\/91596\/revisions"}],"wp:featuredmedia":[{"embeddable":true,"href":"https:\/\/linitiative.ca\/International\/wp-json\/"}],"wp:attachment":[{"href":"https:\/\/linitiative.ca\/International\/wp-json\/wp\/v2\/media?parent=91596"}],"wp:term":[{"taxonomy":"category","embeddable":true,"href":"https:\/\/linitiative.ca\/International\/wp-json\/wp\/v2\/categories?post=91596"},{"taxonomy":"post_tag","embeddable":true,"href":"https:\/\/linitiative.ca\/International\/wp-json\/wp\/v2\/tags?post=91596"}],"curies":[{"name":"wp","href":"https:\/\/api.w.org\/{rel}","templated":true}]}}