{"id":91598,"date":"2020-07-07T11:45:20","date_gmt":"2020-07-07T15:45:20","guid":{"rendered":"https:\/\/linitiative.ca\/International\/exportations-de-la-banane-la-cdc-reprend-du-service-apres-18-mois-dinactivites\/"},"modified":"2020-07-07T11:45:20","modified_gmt":"2020-07-07T15:45:20","slug":"exportations-de-la-banane-la-cdc-reprend-du-service-apres-18-mois-dinactivites","status":"publish","type":"post","link":"https:\/\/linitiative.ca\/International\/exportations-de-la-banane-la-cdc-reprend-du-service-apres-18-mois-dinactivites\/","title":{"rendered":"Exportations de la banane : la CDC reprend du service apr\u00e8s 18 mois d\u2019inactivit\u00e9s"},"content":{"rendered":"<div class=\"featured-area featured-area-inner\"><img loading=\"lazy\" decoding=\"async\" width=\"850\" height=\"400\" src=\"https:\/\/ecomatin.net\/wp-content\/uploads\/2020\/07\/cdc.jpg\" class=\"attachment-full size-full wp-post-image\" alt=\"\" srcset=\"https:\/\/ecomatin.net\/wp-content\/uploads\/2020\/07\/cdc.jpg 850w, https:\/\/ecomatin.net\/wp-content\/uploads\/2020\/07\/cdc-300x141.jpg 300w, https:\/\/ecomatin.net\/wp-content\/uploads\/2020\/07\/cdc-768x361.jpg 768w\" sizes=\"auto, (max-width: 850px) 100vw, 850px\" data-attachment-id=\"16892\" data-permalink=\"https:\/\/ecomatin.net\/exportations-de-la-banane-la-cdc-reprend-du-service-apres-18-mois-dinactivites\/cdc-4\/\" data-orig-file=\"https:\/\/ecomatin.net\/wp-content\/uploads\/2020\/07\/cdc.jpg\" data-orig-size=\"850,400\" data-comments-opened=\"0\" data-image-meta=\"{&quot;aperture&quot;:&quot;0&quot;,&quot;credit&quot;:&quot;&quot;,&quot;camera&quot;:&quot;&quot;,&quot;caption&quot;:&quot;&quot;,&quot;created_timestamp&quot;:&quot;0&quot;,&quot;copyright&quot;:&quot;&quot;,&quot;focal_length&quot;:&quot;0&quot;,&quot;iso&quot;:&quot;0&quot;,&quot;shutter_speed&quot;:&quot;0&quot;,&quot;title&quot;:&quot;&quot;,&quot;orientation&quot;:&quot;0&quot;}\" data-image-title=\"cdc\" data-image-description=\"\" data-medium-file=\"https:\/\/ecomatin.net\/wp-content\/uploads\/2020\/07\/cdc-300x141.jpg\" data-large-file=\"https:\/\/ecomatin.net\/wp-content\/uploads\/2020\/07\/cdc.jpg\"\/><\/div>\n<div class=\"entry-content entry clearfix\" readability=\"39.936406995231\">\n<p>C\u2019est une bonne nouvelle pour la fili\u00e8re banane au Cameroun. D\u2019apr\u00e8s les donn\u00e9es statistiques r\u00e9v\u00e9l\u00e9es par l\u2019Association banani\u00e8re du Cameroun (Assobacam), la Cameroon developement corporation(Cdc) a export\u00e9 301 tonnes de bananes au mois de juin 2020. Si cette performance est \u00e0 des ann\u00e9es-lumi\u00e8re de ce que r\u00e9alisait l\u2019entreprise par le pass\u00e9, elle constitue n\u00e9anmoins un d\u00e9but de la relance d\u2019activit\u00e9s de cette agro-industrie dont le compteur des exportations affiche \u00ab\u00a0Z\u00e9ro\u00a0\u00bb depuis le mois de septembre 2018.\u00a0\u00a0En effet, la crise s\u00e9curitaire dans les r\u00e9gions du Nord-Ouest et du Sud-Ouest (o\u00f9 les plantations de la Cdc sont, en grande partie, implant\u00e9s) a durement impact\u00e9 sur la production de l\u2019entreprise. Entre pillage\u00a0de ses plantations, bureaux et unit\u00e9s de transformation, blessures et assassinat de ses employ\u00e9s\u00a0\u00a0par les rebelles s\u00e9paratistes, les capacit\u00e9s et le potentiel de production et de commercialisation de la Cdc ont \u00e9t\u00e9 presque paralys\u00e9s.<\/p>\n<p>Pour le mois de juin 2020, la courbe globale des exportations de la banane camerounaise connait une nette progression par rapport au mois pr\u00e9c\u00e9dent. Selon l\u2019Assobacam, ces exportations ont culmin\u00e9 \u00e0 15641 tonnes, soit 3769 tonnes de plus qu\u2019au mois de mai dernier et contre 1436 tonnes de plus par rapport \u00e0 la m\u00eame p\u00e9riode en 2019.<\/p>\n<p>Si la reprise d\u2019activit\u00e9 de la Cdc est \u00e0 mettre \u00e0 l\u2019actif de cette progression, celle-ci est en grande partie due \u00e0 la bonne performance de la PHP, filiale locale de la compagnie fruiti\u00e8re de Marseille. Au mois de juin 2020, le leader du march\u00e9 camerounais a export\u00e9 13952 tonnes de banane, soit une augmentation de 3157 tonnes par rapport au mois pr\u00e9c\u00e9dent. Boh Plantations(BPL) a quant \u00e0 lui vu ses exportations passer de 1077 tonnes au mois de mai, pour se situer \u00e0 1388 tonnes, soit une progression de 311 tonnes.\u00a0\u00a0de a connu une augmentation de Selon l\u2019Assobacam.<\/p>\n<p>[author title=\u00a0\u00bbLa R\u00e9daction EcoMatin\u00a0\u00bb image=\u00a0\u00bbhttp:\/\/\u00a0\u00bb][\/author]<\/p>\n<div class=\"awac-wrapper awac widget posts-list-widget-11\">\n<h4 class=\"widget-title\">Le plus r\u00e9cent<\/h4>\n<\/div>\n<\/div>\n<p>Auteur: EcoMatin<br \/>\n<a href=\"https:\/\/ecomatin.net\/exportations-de-la-banane-la-cdc-reprend-du-service-apres-18-mois-dinactivites\/\">Cliquez ici pour lire l&rsquo;article depuis sa source.<\/a><\/p>\n","protected":false},"excerpt":{"rendered":"<p>C\u2019est une bonne nouvelle pour la fili\u00e8re banane au Cameroun. D\u2019apr\u00e8s les donn\u00e9es statistiques r\u00e9v\u00e9l\u00e9es par l\u2019Association banani\u00e8re du Cameroun (Assobacam), la Cameroon developement corporation(Cdc) a export\u00e9 301 tonnes de bananes au mois de juin 2020. Si cette performance est \u00e0 des ann\u00e9es-lumi\u00e8re de ce que r\u00e9alisait l\u2019entreprise par le pass\u00e9, elle constitue n\u00e9anmoins un [&hellip;]<\/p>\n","protected":false},"author":1969,"featured_media":91599,"comment_status":"closed","ping_status":"closed","sticky":false,"template":"","format":"standard","meta":{"fifu_image_url":"","fifu_image_alt":"","footnotes":""},"categories":[82,78],"tags":[],"class_list":["post-91598","post","type-post","status-publish","format-standard","has-post-thumbnail","hentry","category-cameroun","category-economie"],"_links":{"self":[{"href":"https:\/\/linitiative.ca\/International\/wp-json\/wp\/v2\/posts\/91598","targetHints":{"allow":["GET"]}}],"collection":[{"href":"https:\/\/linitiative.ca\/International\/wp-json\/wp\/v2\/posts"}],"about":[{"href":"https:\/\/linitiative.ca\/International\/wp-json\/wp\/v2\/types\/post"}],"author":[{"embeddable":true,"href":"https:\/\/linitiative.ca\/International\/wp-json\/wp\/v2\/users\/1969"}],"replies":[{"embeddable":true,"href":"https:\/\/linitiative.ca\/International\/wp-json\/wp\/v2\/comments?post=91598"}],"version-history":[{"count":0,"href":"https:\/\/linitiative.ca\/International\/wp-json\/wp\/v2\/posts\/91598\/revisions"}],"wp:featuredmedia":[{"embeddable":true,"href":"https:\/\/linitiative.ca\/International\/wp-json\/"}],"wp:attachment":[{"href":"https:\/\/linitiative.ca\/International\/wp-json\/wp\/v2\/media?parent=91598"}],"wp:term":[{"taxonomy":"category","embeddable":true,"href":"https:\/\/linitiative.ca\/International\/wp-json\/wp\/v2\/categories?post=91598"},{"taxonomy":"post_tag","embeddable":true,"href":"https:\/\/linitiative.ca\/International\/wp-json\/wp\/v2\/tags?post=91598"}],"curies":[{"name":"wp","href":"https:\/\/api.w.org\/{rel}","templated":true}]}}