{"id":91610,"date":"2020-07-07T15:54:40","date_gmt":"2020-07-07T19:54:40","guid":{"rendered":"https:\/\/linitiative.ca\/International\/fin-de-saison-pour-jawad-el-yamiq\/"},"modified":"2020-07-07T15:54:40","modified_gmt":"2020-07-07T19:54:40","slug":"fin-de-saison-pour-jawad-el-yamiq","status":"publish","type":"post","link":"https:\/\/linitiative.ca\/International\/fin-de-saison-pour-jawad-el-yamiq\/","title":{"rendered":"Fin de saison pour Jawad El Yamiq"},"content":{"rendered":"<p><strong>L\u2019international marocain et d\u00e9fenseur du Real Saragosse, Jawad El Yamiq, manquera le restant de la saison D2 espagnole \u00e0 cause d\u2019une blessure.<\/strong><\/p>\n<p><strong>L\u2019ex-joueur de Raja de Casablanca souffre d\u2019une rupture de l\u2019adducteur, contract\u00e9e ce dimanche lors d\u2019une s\u00e9ance d\u2019entra\u00eenement, et qui le tiendra \u00e9cart\u00e9 des terrains pour un minimum d\u2019un mois, synonyme de fin de saison pour lui.<\/strong><\/p>\n<p><strong>Saragosse occupe actuellement la 3<\/strong><sup><strong>e<\/strong><\/sup><strong>position au classement de Liga 2 avec 61 points, \u00e0 5 journ\u00e9es de la fin de la saison.<\/strong><\/p>\n<p class=\"c2\"><strong>O.Z<\/strong><\/p>\n<p>Auteur: M&rsquo;hammed rahal<br \/>\n<a href=\"http:\/\/albayane.press.ma\/fin-de-saison-pour-jawad-el-yamiq.html\">Cliquez ici pour lire l&rsquo;article depuis sa source.<\/a><\/p>\n","protected":false},"excerpt":{"rendered":"<p>L\u2019international marocain et d\u00e9fenseur du Real Saragosse, Jawad El Yamiq, manquera le restant de la saison D2 espagnole \u00e0 cause d\u2019une blessure. L\u2019ex-joueur de Raja de Casablanca souffre d\u2019une rupture de l\u2019adducteur, contract\u00e9e ce dimanche lors d\u2019une s\u00e9ance d\u2019entra\u00eenement, et qui le tiendra \u00e9cart\u00e9 des terrains pour un minimum d\u2019un mois, synonyme de fin de [&hellip;]<\/p>\n","protected":false},"author":1760,"featured_media":0,"comment_status":"closed","ping_status":"closed","sticky":false,"template":"","format":"standard","meta":{"fifu_image_url":"","fifu_image_alt":"","footnotes":""},"categories":[73,54],"tags":[],"class_list":["post-91610","post","type-post","status-publish","format-standard","hentry","category-actualite","category-maroc"],"_links":{"self":[{"href":"https:\/\/linitiative.ca\/International\/wp-json\/wp\/v2\/posts\/91610","targetHints":{"allow":["GET"]}}],"collection":[{"href":"https:\/\/linitiative.ca\/International\/wp-json\/wp\/v2\/posts"}],"about":[{"href":"https:\/\/linitiative.ca\/International\/wp-json\/wp\/v2\/types\/post"}],"author":[{"embeddable":true,"href":"https:\/\/linitiative.ca\/International\/wp-json\/wp\/v2\/users\/1760"}],"replies":[{"embeddable":true,"href":"https:\/\/linitiative.ca\/International\/wp-json\/wp\/v2\/comments?post=91610"}],"version-history":[{"count":0,"href":"https:\/\/linitiative.ca\/International\/wp-json\/wp\/v2\/posts\/91610\/revisions"}],"wp:attachment":[{"href":"https:\/\/linitiative.ca\/International\/wp-json\/wp\/v2\/media?parent=91610"}],"wp:term":[{"taxonomy":"category","embeddable":true,"href":"https:\/\/linitiative.ca\/International\/wp-json\/wp\/v2\/categories?post=91610"},{"taxonomy":"post_tag","embeddable":true,"href":"https:\/\/linitiative.ca\/International\/wp-json\/wp\/v2\/tags?post=91610"}],"curies":[{"name":"wp","href":"https:\/\/api.w.org\/{rel}","templated":true}]}}