{"id":91611,"date":"2020-07-07T16:03:19","date_gmt":"2020-07-07T20:03:19","guid":{"rendered":"https:\/\/linitiative.ca\/International\/51e-fnap-la-ville-ocre-vibre-aux-rythmes-des-arts-populaires\/"},"modified":"2020-07-07T16:03:19","modified_gmt":"2020-07-07T20:03:19","slug":"51e-fnap-la-ville-ocre-vibre-aux-rythmes-des-arts-populaires","status":"publish","type":"post","link":"https:\/\/linitiative.ca\/International\/51e-fnap-la-ville-ocre-vibre-aux-rythmes-des-arts-populaires\/","title":{"rendered":"51e FNAP: la ville ocre vibre aux  rythmes des arts  Populaires"},"content":{"rendered":"<p class=\"has-text-color c2\"><strong>La ville ocre, Marrakech, vibrera aux rythmes de la\u00a0 51\u00e8me \u00e9dition du Festival National des Arts Populaires qui\u00a0 aura lieu du 27 au 31 Octobre 2020. Organis\u00e9e par l\u2019Association Le Grand Atlas en collaboration avec le Minist\u00e8re de la culture, de la jeunesse et des sports, cette annonce ravira les amoureux des Arts Populaires \u00e0 travers le Maroc et \u00e0 l\u2019international.<\/strong><\/p>\n<p>L\u2019\u00e9v\u00e9nement \u00e9tait pr\u00e9vu auparavant du 01 au 05 juillet mais il a \u00e9t\u00e9 report\u00e9 au mois d\u2019octobre prochain en raison des circonstances exceptionnelles que vivent le Maroc et le monde \u00e0 cause de la pand\u00e9mie du coronavirus (Covid-19)\u00bb, pr\u00e9cisent les organisateurs dans un communiqu\u00e9. Et d\u2019ajouter que le report de cette manifestation s\u2019inscrit dans le cadre des mesures pr\u00e9ventives adopt\u00e9es par le Royaume en vue d\u2019enrayer la propagation du Covid-19.<\/p>\n<p>La 51\u00e8me\u00e9dition du Festival National des Arts Populaires, plac\u00e9e sous le th\u00e8me \u00abChants et Rythmes \u00e9ternels\u00bb, c\u00e9l\u00e8bre depuis plus de 50 ans, les arts populaires \u00e0 travers toutes les r\u00e9gions du Royaume, se positionnant comme \u00e9tant une v\u00e9ritable action culturelle de pr\u00e9servation du patrimoine marocain.<\/p>\n<p>Cet \u00e9v\u00e9nement emprunte une forte conscience culturelle. Au c\u0153ur du palais Bad\u00ef\u00e2, monument historique s\u00e9culaire, \u0153uvre du 16\u00e8me si\u00e8cle, les arts populaires remettent le spectateur au fond d\u2019une authentique fraternit\u00e9 \u00e0 travers les origines de tout \u00e0 chacun. Il s\u2019agit v\u00e9ritablement d\u2019une r\u00e9novation en profondeur d\u2019un patrimoine aux multiples facettes artistiques et aux dimensions sociales et spirituelles.<\/p>\n<p>Le FNAP, dominateur commun, de ce riche h\u00e9ritage culturel et patrimonial, les confluences du gestuel et la noblesse du symbolisme s\u2019y greffe \u00e0 travers l\u2019histoire de la ville et ses grands moments festifs.<\/p>\n<p>\u00abLe festival National des Arts Populaire a su r\u00e9sister \u00e0 travers le temps gr\u00e2ce \u00e0 son impact \u00e9motionnel qui embrasse l\u2019\u00e2me marocaine. Tonalit\u00e9 et couleur chatoyantes, il a marqu\u00e9 et marquera le cycle vital de l\u2019histoire grandiose du Royaume. Tout un h\u00e9ritage sous le cr\u00e9neau de l\u2019originalit\u00e9 et la diversit\u00e9\u00bb, pr\u00e9cisent les organisateurs de la manifestation.<\/p>\n<p>Organiser cette 51\u00e8me \u00e9dition du Festival National des Arts Populaires apr\u00e8s la crise sanitaire du Covid19 est plus qu\u2019une promotion de la cit\u00e9 ocre et du patrimoine culturel national. C\u2019est un v\u00e9ritable d\u00e9fi du temps par\u00a0 l\u2019authenticit\u00e9 des arts ancestraux qui demeurent encore plus vivants au fil des ann\u00e9es.<\/p>\n<p>Auteur: M&rsquo;hammed rahal<br \/>\n<a href=\"http:\/\/albayane.press.ma\/51e-fnap-la-ville-ocre-vibre-aux-rythmes-des-arts-populaires.html\">Cliquez ici pour lire l&rsquo;article depuis sa source.<\/a><\/p>\n","protected":false},"excerpt":{"rendered":"<p>La ville ocre, Marrakech, vibrera aux rythmes de la\u00a0 51\u00e8me \u00e9dition du Festival National des Arts Populaires qui\u00a0 aura lieu du 27 au 31 Octobre 2020. Organis\u00e9e par l\u2019Association Le Grand Atlas en collaboration avec le Minist\u00e8re de la culture, de la jeunesse et des sports, cette annonce ravira les amoureux des Arts Populaires \u00e0 [&hellip;]<\/p>\n","protected":false},"author":1760,"featured_media":0,"comment_status":"closed","ping_status":"closed","sticky":false,"template":"","format":"standard","meta":{"fifu_image_url":"","fifu_image_alt":"","footnotes":""},"categories":[73,54],"tags":[],"class_list":["post-91611","post","type-post","status-publish","format-standard","hentry","category-actualite","category-maroc"],"_links":{"self":[{"href":"https:\/\/linitiative.ca\/International\/wp-json\/wp\/v2\/posts\/91611","targetHints":{"allow":["GET"]}}],"collection":[{"href":"https:\/\/linitiative.ca\/International\/wp-json\/wp\/v2\/posts"}],"about":[{"href":"https:\/\/linitiative.ca\/International\/wp-json\/wp\/v2\/types\/post"}],"author":[{"embeddable":true,"href":"https:\/\/linitiative.ca\/International\/wp-json\/wp\/v2\/users\/1760"}],"replies":[{"embeddable":true,"href":"https:\/\/linitiative.ca\/International\/wp-json\/wp\/v2\/comments?post=91611"}],"version-history":[{"count":0,"href":"https:\/\/linitiative.ca\/International\/wp-json\/wp\/v2\/posts\/91611\/revisions"}],"wp:attachment":[{"href":"https:\/\/linitiative.ca\/International\/wp-json\/wp\/v2\/media?parent=91611"}],"wp:term":[{"taxonomy":"category","embeddable":true,"href":"https:\/\/linitiative.ca\/International\/wp-json\/wp\/v2\/categories?post=91611"},{"taxonomy":"post_tag","embeddable":true,"href":"https:\/\/linitiative.ca\/International\/wp-json\/wp\/v2\/tags?post=91611"}],"curies":[{"name":"wp","href":"https:\/\/api.w.org\/{rel}","templated":true}]}}