{"id":91613,"date":"2020-07-08T10:39:04","date_gmt":"2020-07-08T14:39:04","guid":{"rendered":"https:\/\/linitiative.ca\/International\/%ef%bb%bfle-pps-demande-au-gouvernement-de-debloquer-la-troisieme-operation\/"},"modified":"2020-07-08T10:39:04","modified_gmt":"2020-07-08T14:39:04","slug":"%ef%bb%bfle-pps-demande-au-gouvernement-de-debloquer-la-troisieme-operation","status":"publish","type":"post","link":"https:\/\/linitiative.ca\/International\/%ef%bb%bfle-pps-demande-au-gouvernement-de-debloquer-la-troisieme-operation\/","title":{"rendered":"\ufeffLE PPS demande au gouvernement de d\u00e9bloquer la troisi\u00e8me op\u00e9ration"},"content":{"rendered":"<p class=\"has-text-color has-vivid-red-color c2\"><strong>Soutien du fonds Covid-19<\/strong><\/p>\n<p class=\"c3\"><strong>M\u2019Barek Tafsi<\/strong><\/p>\n<p class=\"has-text-color c4\"><strong>Le Groupement parlementaire du progr\u00e8s et du socialisme (GPPS) \u00e0 la Chambre des repr\u00e9sentants a adress\u00e9 une question \u00e9crite au ministre de l\u2019\u00e9conomie, des finances et de la r\u00e9forme de l\u2019administration Mohamed Bencha\u00e2boun pour l\u2019interroger sur le retard qu\u2019accuse la troisi\u00e8me op\u00e9ration de soutien temporaire servi aux pauvres du fonds Covid-19.<\/strong><\/p>\n<p>Selon le GPPS, de nombreux citoyens s\u2019interrogent sur le sort de ce soutien temporaire promis par le gouvernement aux Ramedistes et aux non-Ramedistes actifs dans le secteur informel, impact\u00e9s par la pand\u00e9mie, surtout que la reprise des activit\u00e9s \u00e9conomiques n\u2019est pas enti\u00e8re, en raison notamment des mesures pr\u00e9ventives encore en vigueur pour \u00e9viter toute propagation du coronavirus, en particulier dans les espaces et les unit\u00e9s, tenus de n\u2019utiliser que la moiti\u00e9 de leur capacit\u00e9 d\u2019accueil.<\/p>\n<p>D\u2019apr\u00e8s le GPPS, de nombreux chefs de m\u00e9nages sont encore sans revenu et n\u2019attendent que la troisi\u00e8me tranche de soutien pour subvenir aux besoins de leurs familles, au moment o\u00f9 les pr\u00e9paratifs de la f\u00eate d\u2019Al adha vont d\u00e9j\u00e0 bon train pour acqu\u00e9rir le mouton de l\u2019Aid. C\u2019est pourquoi, le GPPS estime urgent de d\u00e9bloquer cette aide provisoire.<\/p>\n<p>A noter que le minist\u00e8re de l\u2019\u00e9conomie, des finances et de la r\u00e9forme de l\u2019administration avait fait savoir que les aides financi\u00e8res provisoires apport\u00e9es par le Fonds Covid-19 pour soutenir les m\u00e9nages du secteur informel qui ont perdu leurs revenus du fait de l\u2019\u00e9tat d\u2019urgence sanitaire ont, \u00e0 ce jour, \u00e9t\u00e9 vers\u00e9es \u00e0 3,9 millions de m\u00e9nages sur 4,3 millions \u00e9ligibles. Cette op\u00e9ration qui se poursuit actuellement dans les zones rurales et enclav\u00e9es devait d\u00e9j\u00e0 prendre fin. Elle a d\u00fb mobiliser une enveloppe globale de pr\u00e8s de 4,2 milliards DH.<\/p>\n<p>Le minist\u00e8re avait \u00e9galement donn\u00e9 des pr\u00e9cisions au sujet de la deuxi\u00e8me op\u00e9ration de soutien, qui avait d\u00e9marr\u00e9 le 14 mai, en se basant les d\u00e9clarations d\u00e9j\u00e0 enregistr\u00e9es. Mais aucune indication n\u2019a \u00e9t\u00e9 donn\u00e9e jusqu\u2019\u00e0 pr\u00e9sent au sujet de la troisi\u00e8me op\u00e9ration.<\/p>\n<p>Auteur: M&rsquo;hammed rahal<br \/>\n<a href=\"http:\/\/albayane.press.ma\/%EF%BB%BFle-pps-demande-au-gouvernement-de-debloquer-la-troisieme-operation.html\">Cliquez ici pour lire l&rsquo;article depuis sa source.<\/a><\/p>\n","protected":false},"excerpt":{"rendered":"<p>Soutien du fonds Covid-19 M\u2019Barek Tafsi Le Groupement parlementaire du progr\u00e8s et du socialisme (GPPS) \u00e0 la Chambre des repr\u00e9sentants a adress\u00e9 une question \u00e9crite au ministre de l\u2019\u00e9conomie, des finances et de la r\u00e9forme de l\u2019administration Mohamed Bencha\u00e2boun pour l\u2019interroger sur le retard qu\u2019accuse la troisi\u00e8me op\u00e9ration de soutien temporaire servi aux pauvres du [&hellip;]<\/p>\n","protected":false},"author":1760,"featured_media":0,"comment_status":"closed","ping_status":"closed","sticky":false,"template":"","format":"standard","meta":{"fifu_image_url":"","fifu_image_alt":"","footnotes":""},"categories":[73,54],"tags":[],"class_list":["post-91613","post","type-post","status-publish","format-standard","hentry","category-actualite","category-maroc"],"_links":{"self":[{"href":"https:\/\/linitiative.ca\/International\/wp-json\/wp\/v2\/posts\/91613","targetHints":{"allow":["GET"]}}],"collection":[{"href":"https:\/\/linitiative.ca\/International\/wp-json\/wp\/v2\/posts"}],"about":[{"href":"https:\/\/linitiative.ca\/International\/wp-json\/wp\/v2\/types\/post"}],"author":[{"embeddable":true,"href":"https:\/\/linitiative.ca\/International\/wp-json\/wp\/v2\/users\/1760"}],"replies":[{"embeddable":true,"href":"https:\/\/linitiative.ca\/International\/wp-json\/wp\/v2\/comments?post=91613"}],"version-history":[{"count":0,"href":"https:\/\/linitiative.ca\/International\/wp-json\/wp\/v2\/posts\/91613\/revisions"}],"wp:attachment":[{"href":"https:\/\/linitiative.ca\/International\/wp-json\/wp\/v2\/media?parent=91613"}],"wp:term":[{"taxonomy":"category","embeddable":true,"href":"https:\/\/linitiative.ca\/International\/wp-json\/wp\/v2\/categories?post=91613"},{"taxonomy":"post_tag","embeddable":true,"href":"https:\/\/linitiative.ca\/International\/wp-json\/wp\/v2\/tags?post=91613"}],"curies":[{"name":"wp","href":"https:\/\/api.w.org\/{rel}","templated":true}]}}