{"id":91614,"date":"2020-07-08T10:45:58","date_gmt":"2020-07-08T14:45:58","guid":{"rendered":"https:\/\/linitiative.ca\/International\/lagroalimentaire-vecteur-de-creation-demplois-et-de-prosperite-au-maroc%ef%bb%bf\/"},"modified":"2020-07-08T10:45:58","modified_gmt":"2020-07-08T14:45:58","slug":"lagroalimentaire-vecteur-de-creation-demplois-et-de-prosperite-au-maroc%ef%bb%bf","status":"publish","type":"post","link":"https:\/\/linitiative.ca\/International\/lagroalimentaire-vecteur-de-creation-demplois-et-de-prosperite-au-maroc%ef%bb%bf\/","title":{"rendered":"L\u2019agroalimentaire: Vecteur de cr\u00e9ation d\u2019emplois et de prosp\u00e9rit\u00e9 au Maroc\ufeff"},"content":{"rendered":"<p class=\"has-text-color c2\"><strong>L\u2019agriculture et l\u2019agroalimentaire constituent des vecteurs de cr\u00e9ation d\u2019emplois et de prosp\u00e9rit\u00e9 pour les Marocains, a affirm\u00e9 Amine Laghidi, expert en strat\u00e9gie et en diplomatie \u00e9conomique\u00a0 r\u00e9cemment.<\/strong><\/p>\n<p>La s\u00e9curit\u00e9 alimentaire est la clef de vo\u00fbte de toute civilisation, a relev\u00e9 M. Laghidi dans un article scientifique intitul\u00e9 \u00abProposition structur\u00e9e visant la cr\u00e9ation d\u2019emplois, de prosp\u00e9rit\u00e9 pour tous et l\u2019attrait d\u2019investissements durables au Maroc\u00bb, notant qu\u2019il s\u2019agit d\u2019un syst\u00e8me solidaire profitant \u00e0 tous les citoyens et auquel ils peuvent tous contribuer.<\/p>\n<p>Il a, \u00e0 cet \u00e9gard, pr\u00e9cis\u00e9 que la s\u00e9curit\u00e9 alimentaire, dans un sens plus strat\u00e9gique, la \u00absouverainet\u00e9 alimentaire\u00bb, joue un r\u00f4le crucial d\u2019influence externe et de d\u00e9veloppement inclusif, de cr\u00e9ation de richesses et de stabilit\u00e9 en interne.<\/p>\n<p>Les grandes guerres, \u00e9pid\u00e9mies qu\u2019a connu l\u2019histoire de l\u2019humanit\u00e9 en t\u00e9moignent, a fait observer M. Laghidi, ajoutant que la faim en temps de guerre faisait plus de victimes que les fl\u00e8ches des arbal\u00e8tes ou les missiles intelligents.<\/p>\n<p>\u00abLa crise du Covid-19 n\u2019est gu\u00e8re une exception, nous avons tous vu, l\u2019impact n\u00e9gatif de la rupture des chaines de valeurs mondiales sur des nations riches et au PIB par habitant tr\u00e8s \u00e9lev\u00e9\u00bb, a-t-il not\u00e9.<\/p>\n<p>\u00abNous avons \u00e9galement vu l\u2019impact positif de cette rupture sur des petits agriculteurs et \u00e9leveurs, qui ont vu la demande domestique augmenter pour leur production artisanale, notamment dans certains pays africains, ayant abandonn\u00e9 depuis des ann\u00e9es l\u2019investissement dans l\u2019agriculture au profit d\u2019une sp\u00e9cialisation mini\u00e8re ou \u00e9nerg\u00e9tique\u00bb, a-t-il ajout\u00e9.<\/p>\n<p>Ce constat relance le d\u00e9bat sur la priorit\u00e9 de \u00abl\u2019\u00e9conomie alimentaire\u00bb dans la r\u00e9duction de la pauvret\u00e9, la cr\u00e9ation d\u2019emplois, la diversification des exports, et donc de la cr\u00e9ation de richesse et de prosp\u00e9rit\u00e9 pour les nations et les structures \u00e9conomiques, a-t-il fait remarquer.<\/p>\n<p>M. Laghidi a, dans ce sens, soulign\u00e9 l\u2019importance de la cr\u00e9ation d\u2019emplois en masse, dignes, durables et non seulement intermittents\/saisonniers dans le secteur de l\u2019agriculture et d\u2019allouer un focus particulier au \u00abmonde Rural\u00bb au support des \u00abpetits agriculteurs\u00bb.<\/p>\n<p>Il a \u00e9galement mis en avant la n\u00e9cessit\u00e9 de valoriser le capital immat\u00e9riel marocain au c\u0153ur du mod\u00e8le de d\u00e9veloppement (savoir, ing\u00e9nierie, branding r\u00e9gional, branding culturel, solutions int\u00e9gr\u00e9es, R&amp;D, logistique\u2026) et d\u2019accorder une attention sp\u00e9ciale pour la jeunesse et son \u00e9panouissement social et professionnel.<\/p>\n<p>Et de conclure \u00abl\u2019histoire de l\u2019humanit\u00e9 s\u2019est faite et d\u00e9faite autour de l\u2019agriculture. Les plus grandes civilisations \u00e9merg\u00e8rent autour de points d\u2019eau, de p\u00e2turages et de terrains de production agricole. Ces m\u00eames civilisations qui ont r\u00e9sist\u00e9 aux guerres, aux envahisseurs, aux maladies, ont connues une implosion interne \u00e0 partir du moment o\u00f9 elles ne pouvaient plus nourrir leur propres citoyens\u00bb.<\/p>\n<p class=\"c3\"><strong>(MAP)<\/strong><\/p>\n<p>Auteur: M&rsquo;hammed rahal<br \/>\n<a href=\"http:\/\/albayane.press.ma\/lagroalimentaire-vecteur-de-creation-demplois-et-de-prosperite-au-maroc%EF%BB%BF.html\">Cliquez ici pour lire l&rsquo;article depuis sa source.<\/a><\/p>\n","protected":false},"excerpt":{"rendered":"<p>L\u2019agriculture et l\u2019agroalimentaire constituent des vecteurs de cr\u00e9ation d\u2019emplois et de prosp\u00e9rit\u00e9 pour les Marocains, a affirm\u00e9 Amine Laghidi, expert en strat\u00e9gie et en diplomatie \u00e9conomique\u00a0 r\u00e9cemment. La s\u00e9curit\u00e9 alimentaire est la clef de vo\u00fbte de toute civilisation, a relev\u00e9 M. Laghidi dans un article scientifique intitul\u00e9 \u00abProposition structur\u00e9e visant la cr\u00e9ation d\u2019emplois, de prosp\u00e9rit\u00e9 [&hellip;]<\/p>\n","protected":false},"author":1760,"featured_media":0,"comment_status":"closed","ping_status":"closed","sticky":false,"template":"","format":"standard","meta":{"fifu_image_url":"","fifu_image_alt":"","footnotes":""},"categories":[73,54],"tags":[],"class_list":["post-91614","post","type-post","status-publish","format-standard","hentry","category-actualite","category-maroc"],"_links":{"self":[{"href":"https:\/\/linitiative.ca\/International\/wp-json\/wp\/v2\/posts\/91614","targetHints":{"allow":["GET"]}}],"collection":[{"href":"https:\/\/linitiative.ca\/International\/wp-json\/wp\/v2\/posts"}],"about":[{"href":"https:\/\/linitiative.ca\/International\/wp-json\/wp\/v2\/types\/post"}],"author":[{"embeddable":true,"href":"https:\/\/linitiative.ca\/International\/wp-json\/wp\/v2\/users\/1760"}],"replies":[{"embeddable":true,"href":"https:\/\/linitiative.ca\/International\/wp-json\/wp\/v2\/comments?post=91614"}],"version-history":[{"count":0,"href":"https:\/\/linitiative.ca\/International\/wp-json\/wp\/v2\/posts\/91614\/revisions"}],"wp:attachment":[{"href":"https:\/\/linitiative.ca\/International\/wp-json\/wp\/v2\/media?parent=91614"}],"wp:term":[{"taxonomy":"category","embeddable":true,"href":"https:\/\/linitiative.ca\/International\/wp-json\/wp\/v2\/categories?post=91614"},{"taxonomy":"post_tag","embeddable":true,"href":"https:\/\/linitiative.ca\/International\/wp-json\/wp\/v2\/tags?post=91614"}],"curies":[{"name":"wp","href":"https:\/\/api.w.org\/{rel}","templated":true}]}}